{"id":835,"date":"2025-12-08T18:36:55","date_gmt":"2025-12-08T21:36:55","guid":{"rendered":"https:\/\/musicosparaeventos.com.br\/portal\/?p=835"},"modified":"2025-12-08T18:36:56","modified_gmt":"2025-12-08T21:36:56","slug":"banda-mpe-no-evento-no-buffet-montello","status":"publish","type":"post","link":"https:\/\/musicosparaeventos.com.br\/portal\/2025\/12\/08\/banda-mpe-no-evento-no-buffet-montello\/","title":{"rendered":"Banda MPE no Evento no Buffet Montello"},"content":{"rendered":"\n<p>A banda <strong>M\u00fasicos para Eventos (MPE)<\/strong> se apresentou recentemente no <strong>Jantar de Confraterniza\u00e7\u00e3o de Vendas da Gianina Distribuidora<\/strong>.<\/p>\n\n\n\n<p>O evento aconteceu no espa\u00e7o <strong>Buffet Montello<\/strong>, proporcionando um ambiente agrad\u00e1vel para a celebra\u00e7\u00e3o da equipe de vendas.<\/p>\n\n\n\n<h3 class=\"wp-block-heading\">\ud83c\udfb8 A Forma\u00e7\u00e3o no Palco<\/h3>\n\n\n\n<p>A MPE subiu ao palco com uma forma\u00e7\u00e3o completa, composta por:<\/p>\n\n\n\n<ul class=\"wp-block-list\">\n<li>Voz<\/li>\n\n\n\n<li>Guitarra<\/li>\n\n\n\n<li>Baixo<\/li>\n\n\n\n<li>Teclado<\/li>\n\n\n\n<li>Bateria<\/li>\n<\/ul>\n\n\n\n<h3 class=\"wp-block-heading\">\ud83c\udfb6 Repert\u00f3rio e Anima\u00e7\u00e3o<\/h3>\n\n\n\n<p>O repert\u00f3rio escolhido incluiu uma sele\u00e7\u00e3o de m\u00fasicas <strong>nacionais e internacionais<\/strong>, com foco nos estilos <strong>Pop e Rock<\/strong>.<\/p>\n\n\n\n<p>A m\u00fasica animou a pista. Os convidados da Gianina Distribuidora dan\u00e7aram e se divertiram durante a apresenta\u00e7\u00e3o da banda. Foi um evento de confraterniza\u00e7\u00e3o de sucesso.<\/p>\n\n\n\n<figure class=\"wp-block-embed\"><div class=\"wp-block-embed__wrapper\">\n<iframe title=\"Banda MPE M\u00fasicos para Eventos\" width=\"749\" height=\"421\" src=\"https:\/\/www.youtube.com\/embed\/y9vaNKQLEwM?feature=oembed\" frameborder=\"0\" allow=\"accelerometer; autoplay; clipboard-write; encrypted-media; gyroscope; picture-in-picture; web-share\" referrerpolicy=\"strict-origin-when-cross-origin\" allowfullscreen><\/iframe>\n<\/div><\/figure>\n\n\n\n<hr class=\"wp-block-separator has-alpha-channel-opacity\"\/>\n\n\n\n<p><em>Para saber mais sobre como a MPE pode participar do seu pr\u00f3ximo evento corporativo, entre em contato.<\/em><\/p>\n","protected":false},"excerpt":{"rendered":"<p>A banda M\u00fasicos para Eventos (MPE) se apresentou recentemente no Jantar de Confraterniza\u00e7\u00e3o de Vendas da Gianina Distribuidora. O evento aconteceu no espa\u00e7o Buffet Montello, proporcionando um ambiente agrad\u00e1vel para a celebra\u00e7\u00e3o da equipe de vendas. \ud83c\udfb8 A Forma\u00e7\u00e3o no Palco A MPE subiu ao palco com uma forma\u00e7\u00e3o completa, composta por: \ud83c\udfb6 Repert\u00f3rio e [&hellip;]<\/p>\n","protected":false},"author":1,"featured_media":836,"comment_status":"closed","ping_status":"open","sticky":false,"template":"","format":"standard","meta":{"footnotes":""},"categories":[151],"tags":[],"class_list":["post-835","post","type-post","status-publish","format-standard","has-post-thumbnail","hentry","category-eventos-realizados"],"yoast_head":"<!-- This site is optimized with the Yoast SEO plugin v27.2 - https:\/\/yoast.com\/product\/yoast-seo-wordpress\/ -->\n<title>Banda MPE no Evento no Buffet Montello - MPE M\u00fasicos para Eventos<\/title>\n<meta name=\"robots\" content=\"index, follow, max-snippet:-1, max-image-preview:large, max-video-preview:-1\" \/>\n<link rel=\"canonical\" href=\"https:\/\/musicosparaeventos.com.br\/portal\/2025\/12\/08\/banda-mpe-no-evento-no-buffet-montello\/\" \/>\n<meta property=\"og:locale\" content=\"pt_BR\" \/>\n<meta property=\"og:type\" content=\"article\" \/>\n<meta property=\"og:title\" content=\"Banda MPE no Evento no Buffet Montello - MPE M\u00fasicos para Eventos\" \/>\n<meta property=\"og:description\" content=\"A banda M\u00fasicos para Eventos (MPE) se apresentou recentemente no Jantar de Confraterniza\u00e7\u00e3o de Vendas da Gianina Distribuidora. O evento aconteceu no espa\u00e7o Buffet Montello, proporcionando um ambiente agrad\u00e1vel para a celebra\u00e7\u00e3o da equipe de vendas. \ud83c\udfb8 A Forma\u00e7\u00e3o no Palco A MPE subiu ao palco com uma forma\u00e7\u00e3o completa, composta por: \ud83c\udfb6 Repert\u00f3rio e [&hellip;]\" \/>\n<meta property=\"og:url\" content=\"https:\/\/musicosparaeventos.com.br\/portal\/2025\/12\/08\/banda-mpe-no-evento-no-buffet-montello\/\" \/>\n<meta property=\"og:site_name\" content=\"MPE M\u00fasicos para Eventos\" \/>\n<meta property=\"article:published_time\" content=\"2025-12-08T21:36:55+00:00\" \/>\n<meta property=\"article:modified_time\" content=\"2025-12-08T21:36:56+00:00\" \/>\n<meta property=\"og:image\" content=\"https:\/\/musicosparaeventos.com.br\/portal\/wp-content\/uploads\/2025\/12\/banda-MPE.jpg\" \/>\n\t<meta property=\"og:image:width\" content=\"1280\" \/>\n\t<meta property=\"og:image:height\" content=\"711\" \/>\n\t<meta property=\"og:image:type\" content=\"image\/jpeg\" \/>\n<meta name=\"author\" content=\"musicos\" \/>\n<meta name=\"twitter:card\" content=\"summary_large_image\" \/>\n<meta name=\"twitter:label1\" content=\"Escrito por\" \/>\n\t<meta name=\"twitter:data1\" content=\"musicos\" \/>\n\t<meta name=\"twitter:label2\" content=\"Est. tempo de leitura\" \/>\n\t<meta name=\"twitter:data2\" content=\"1 minuto\" \/>\n<script type=\"application\/ld+json\" class=\"yoast-schema-graph\">{\"@context\":\"https:\/\/schema.org\",\"@graph\":[{\"@type\":\"Article\",\"@id\":\"https:\/\/musicosparaeventos.com.br\/portal\/2025\/12\/08\/banda-mpe-no-evento-no-buffet-montello\/#article\",\"isPartOf\":{\"@id\":\"https:\/\/musicosparaeventos.com.br\/portal\/2025\/12\/08\/banda-mpe-no-evento-no-buffet-montello\/\"},\"author\":{\"name\":\"musicos\",\"@id\":\"https:\/\/musicosparaeventos.com.br\/portal\/#\/schema\/person\/0f332f6b91eab03f355fc43073b8effc\"},\"headline\":\"Banda MPE no Evento no Buffet Montello\",\"datePublished\":\"2025-12-08T21:36:55+00:00\",\"dateModified\":\"2025-12-08T21:36:56+00:00\",\"mainEntityOfPage\":{\"@id\":\"https:\/\/musicosparaeventos.com.br\/portal\/2025\/12\/08\/banda-mpe-no-evento-no-buffet-montello\/\"},\"wordCount\":149,\"publisher\":{\"@id\":\"https:\/\/musicosparaeventos.com.br\/portal\/#organization\"},\"image\":{\"@id\":\"https:\/\/musicosparaeventos.com.br\/portal\/2025\/12\/08\/banda-mpe-no-evento-no-buffet-montello\/#primaryimage\"},\"thumbnailUrl\":\"https:\/\/musicosparaeventos.com.br\/portal\/wp-content\/uploads\/2025\/12\/banda-MPE.jpg\",\"articleSection\":[\"Eventos Realizados\"],\"inLanguage\":\"pt-BR\"},{\"@type\":\"WebPage\",\"@id\":\"https:\/\/musicosparaeventos.com.br\/portal\/2025\/12\/08\/banda-mpe-no-evento-no-buffet-montello\/\",\"url\":\"https:\/\/musicosparaeventos.com.br\/portal\/2025\/12\/08\/banda-mpe-no-evento-no-buffet-montello\/\",\"name\":\"Banda MPE no Evento no Buffet Montello - MPE M\u00fasicos para Eventos\",\"isPartOf\":{\"@id\":\"https:\/\/musicosparaeventos.com.br\/portal\/#website\"},\"primaryImageOfPage\":{\"@id\":\"https:\/\/musicosparaeventos.com.br\/portal\/2025\/12\/08\/banda-mpe-no-evento-no-buffet-montello\/#primaryimage\"},\"image\":{\"@id\":\"https:\/\/musicosparaeventos.com.br\/portal\/2025\/12\/08\/banda-mpe-no-evento-no-buffet-montello\/#primaryimage\"},\"thumbnailUrl\":\"https:\/\/musicosparaeventos.com.br\/portal\/wp-content\/uploads\/2025\/12\/banda-MPE.jpg\",\"datePublished\":\"2025-12-08T21:36:55+00:00\",\"dateModified\":\"2025-12-08T21:36:56+00:00\",\"breadcrumb\":{\"@id\":\"https:\/\/musicosparaeventos.com.br\/portal\/2025\/12\/08\/banda-mpe-no-evento-no-buffet-montello\/#breadcrumb\"},\"inLanguage\":\"pt-BR\",\"potentialAction\":[{\"@type\":\"ReadAction\",\"target\":[\"https:\/\/musicosparaeventos.com.br\/portal\/2025\/12\/08\/banda-mpe-no-evento-no-buffet-montello\/\"]}]},{\"@type\":\"ImageObject\",\"inLanguage\":\"pt-BR\",\"@id\":\"https:\/\/musicosparaeventos.com.br\/portal\/2025\/12\/08\/banda-mpe-no-evento-no-buffet-montello\/#primaryimage\",\"url\":\"https:\/\/musicosparaeventos.com.br\/portal\/wp-content\/uploads\/2025\/12\/banda-MPE.jpg\",\"contentUrl\":\"https:\/\/musicosparaeventos.com.br\/portal\/wp-content\/uploads\/2025\/12\/banda-MPE.jpg\",\"width\":1280,\"height\":711,\"caption\":\"Screenshot\"},{\"@type\":\"BreadcrumbList\",\"@id\":\"https:\/\/musicosparaeventos.com.br\/portal\/2025\/12\/08\/banda-mpe-no-evento-no-buffet-montello\/#breadcrumb\",\"itemListElement\":[{\"@type\":\"ListItem\",\"position\":1,\"name\":\"In\u00edcio\",\"item\":\"https:\/\/musicosparaeventos.com.br\/portal\/\"},{\"@type\":\"ListItem\",\"position\":2,\"name\":\"Banda MPE no Evento no Buffet Montello\"}]},{\"@type\":\"WebSite\",\"@id\":\"https:\/\/musicosparaeventos.com.br\/portal\/#website\",\"url\":\"https:\/\/musicosparaeventos.com.br\/portal\/\",\"name\":\"MPE M\u00fasicos para Eventos\",\"description\":\"MPE M\u00fasicos para Eventos\",\"publisher\":{\"@id\":\"https:\/\/musicosparaeventos.com.br\/portal\/#organization\"},\"potentialAction\":[{\"@type\":\"SearchAction\",\"target\":{\"@type\":\"EntryPoint\",\"urlTemplate\":\"https:\/\/musicosparaeventos.com.br\/portal\/?s={search_term_string}\"},\"query-input\":{\"@type\":\"PropertyValueSpecification\",\"valueRequired\":true,\"valueName\":\"search_term_string\"}}],\"inLanguage\":\"pt-BR\"},{\"@type\":\"Organization\",\"@id\":\"https:\/\/musicosparaeventos.com.br\/portal\/#organization\",\"name\":\"MPE M\u00fasicos para Eventos\",\"url\":\"https:\/\/musicosparaeventos.com.br\/portal\/\",\"logo\":{\"@type\":\"ImageObject\",\"inLanguage\":\"pt-BR\",\"@id\":\"https:\/\/musicosparaeventos.com.br\/portal\/#\/schema\/logo\/image\/\",\"url\":\"https:\/\/musicosparaeventos.com.br\/portal\/wp-content\/uploads\/2025\/08\/cropped-mpe-logo1.png\",\"contentUrl\":\"https:\/\/musicosparaeventos.com.br\/portal\/wp-content\/uploads\/2025\/08\/cropped-mpe-logo1.png\",\"width\":150,\"height\":71,\"caption\":\"MPE M\u00fasicos para Eventos\"},\"image\":{\"@id\":\"https:\/\/musicosparaeventos.com.br\/portal\/#\/schema\/logo\/image\/\"}},{\"@type\":\"Person\",\"@id\":\"https:\/\/musicosparaeventos.com.br\/portal\/#\/schema\/person\/0f332f6b91eab03f355fc43073b8effc\",\"name\":\"musicos\",\"image\":{\"@type\":\"ImageObject\",\"inLanguage\":\"pt-BR\",\"@id\":\"https:\/\/secure.gravatar.com\/avatar\/77c4f2efc455e6b89c26f9525fc6751c434347ca0df1cbcaf8e3e2e67d93e506?s=96&d=mm&r=g\",\"url\":\"https:\/\/secure.gravatar.com\/avatar\/77c4f2efc455e6b89c26f9525fc6751c434347ca0df1cbcaf8e3e2e67d93e506?s=96&d=mm&r=g\",\"contentUrl\":\"https:\/\/secure.gravatar.com\/avatar\/77c4f2efc455e6b89c26f9525fc6751c434347ca0df1cbcaf8e3e2e67d93e506?s=96&d=mm&r=g\",\"caption\":\"musicos\"},\"sameAs\":[\"https:\/\/musicosparaeventos.com.br\/portal\"],\"url\":\"https:\/\/musicosparaeventos.com.br\/portal\/author\/musicos\/\"}]}<\/script>\n<!-- \/ Yoast SEO plugin. -->","yoast_head_json":{"title":"Banda MPE no Evento no Buffet Montello - MPE M\u00fasicos para Eventos","robots":{"index":"index","follow":"follow","max-snippet":"max-snippet:-1","max-image-preview":"max-image-preview:large","max-video-preview":"max-video-preview:-1"},"canonical":"https:\/\/musicosparaeventos.com.br\/portal\/2025\/12\/08\/banda-mpe-no-evento-no-buffet-montello\/","og_locale":"pt_BR","og_type":"article","og_title":"Banda MPE no Evento no Buffet Montello - MPE M\u00fasicos para Eventos","og_description":"A banda M\u00fasicos para Eventos (MPE) se apresentou recentemente no Jantar de Confraterniza\u00e7\u00e3o de Vendas da Gianina Distribuidora. O evento aconteceu no espa\u00e7o Buffet Montello, proporcionando um ambiente agrad\u00e1vel para a celebra\u00e7\u00e3o da equipe de vendas. \ud83c\udfb8 A Forma\u00e7\u00e3o no Palco A MPE subiu ao palco com uma forma\u00e7\u00e3o completa, composta por: \ud83c\udfb6 Repert\u00f3rio e [&hellip;]","og_url":"https:\/\/musicosparaeventos.com.br\/portal\/2025\/12\/08\/banda-mpe-no-evento-no-buffet-montello\/","og_site_name":"MPE M\u00fasicos para Eventos","article_published_time":"2025-12-08T21:36:55+00:00","article_modified_time":"2025-12-08T21:36:56+00:00","og_image":[{"width":1280,"height":711,"url":"https:\/\/musicosparaeventos.com.br\/portal\/wp-content\/uploads\/2025\/12\/banda-MPE.jpg","type":"image\/jpeg"}],"author":"musicos","twitter_card":"summary_large_image","twitter_misc":{"Escrito por":"musicos","Est. tempo de leitura":"1 minuto"},"schema":{"@context":"https:\/\/schema.org","@graph":[{"@type":"Article","@id":"https:\/\/musicosparaeventos.com.br\/portal\/2025\/12\/08\/banda-mpe-no-evento-no-buffet-montello\/#article","isPartOf":{"@id":"https:\/\/musicosparaeventos.com.br\/portal\/2025\/12\/08\/banda-mpe-no-evento-no-buffet-montello\/"},"author":{"name":"musicos","@id":"https:\/\/musicosparaeventos.com.br\/portal\/#\/schema\/person\/0f332f6b91eab03f355fc43073b8effc"},"headline":"Banda MPE no Evento no Buffet Montello","datePublished":"2025-12-08T21:36:55+00:00","dateModified":"2025-12-08T21:36:56+00:00","mainEntityOfPage":{"@id":"https:\/\/musicosparaeventos.com.br\/portal\/2025\/12\/08\/banda-mpe-no-evento-no-buffet-montello\/"},"wordCount":149,"publisher":{"@id":"https:\/\/musicosparaeventos.com.br\/portal\/#organization"},"image":{"@id":"https:\/\/musicosparaeventos.com.br\/portal\/2025\/12\/08\/banda-mpe-no-evento-no-buffet-montello\/#primaryimage"},"thumbnailUrl":"https:\/\/musicosparaeventos.com.br\/portal\/wp-content\/uploads\/2025\/12\/banda-MPE.jpg","articleSection":["Eventos Realizados"],"inLanguage":"pt-BR"},{"@type":"WebPage","@id":"https:\/\/musicosparaeventos.com.br\/portal\/2025\/12\/08\/banda-mpe-no-evento-no-buffet-montello\/","url":"https:\/\/musicosparaeventos.com.br\/portal\/2025\/12\/08\/banda-mpe-no-evento-no-buffet-montello\/","name":"Banda MPE no Evento no Buffet Montello - MPE M\u00fasicos para Eventos","isPartOf":{"@id":"https:\/\/musicosparaeventos.com.br\/portal\/#website"},"primaryImageOfPage":{"@id":"https:\/\/musicosparaeventos.com.br\/portal\/2025\/12\/08\/banda-mpe-no-evento-no-buffet-montello\/#primaryimage"},"image":{"@id":"https:\/\/musicosparaeventos.com.br\/portal\/2025\/12\/08\/banda-mpe-no-evento-no-buffet-montello\/#primaryimage"},"thumbnailUrl":"https:\/\/musicosparaeventos.com.br\/portal\/wp-content\/uploads\/2025\/12\/banda-MPE.jpg","datePublished":"2025-12-08T21:36:55+00:00","dateModified":"2025-12-08T21:36:56+00:00","breadcrumb":{"@id":"https:\/\/musicosparaeventos.com.br\/portal\/2025\/12\/08\/banda-mpe-no-evento-no-buffet-montello\/#breadcrumb"},"inLanguage":"pt-BR","potentialAction":[{"@type":"ReadAction","target":["https:\/\/musicosparaeventos.com.br\/portal\/2025\/12\/08\/banda-mpe-no-evento-no-buffet-montello\/"]}]},{"@type":"ImageObject","inLanguage":"pt-BR","@id":"https:\/\/musicosparaeventos.com.br\/portal\/2025\/12\/08\/banda-mpe-no-evento-no-buffet-montello\/#primaryimage","url":"https:\/\/musicosparaeventos.com.br\/portal\/wp-content\/uploads\/2025\/12\/banda-MPE.jpg","contentUrl":"https:\/\/musicosparaeventos.com.br\/portal\/wp-content\/uploads\/2025\/12\/banda-MPE.jpg","width":1280,"height":711,"caption":"Screenshot"},{"@type":"BreadcrumbList","@id":"https:\/\/musicosparaeventos.com.br\/portal\/2025\/12\/08\/banda-mpe-no-evento-no-buffet-montello\/#breadcrumb","itemListElement":[{"@type":"ListItem","position":1,"name":"In\u00edcio","item":"https:\/\/musicosparaeventos.com.br\/portal\/"},{"@type":"ListItem","position":2,"name":"Banda MPE no Evento no Buffet Montello"}]},{"@type":"WebSite","@id":"https:\/\/musicosparaeventos.com.br\/portal\/#website","url":"https:\/\/musicosparaeventos.com.br\/portal\/","name":"MPE M\u00fasicos para Eventos","description":"MPE M\u00fasicos para Eventos","publisher":{"@id":"https:\/\/musicosparaeventos.com.br\/portal\/#organization"},"potentialAction":[{"@type":"SearchAction","target":{"@type":"EntryPoint","urlTemplate":"https:\/\/musicosparaeventos.com.br\/portal\/?s={search_term_string}"},"query-input":{"@type":"PropertyValueSpecification","valueRequired":true,"valueName":"search_term_string"}}],"inLanguage":"pt-BR"},{"@type":"Organization","@id":"https:\/\/musicosparaeventos.com.br\/portal\/#organization","name":"MPE M\u00fasicos para Eventos","url":"https:\/\/musicosparaeventos.com.br\/portal\/","logo":{"@type":"ImageObject","inLanguage":"pt-BR","@id":"https:\/\/musicosparaeventos.com.br\/portal\/#\/schema\/logo\/image\/","url":"https:\/\/musicosparaeventos.com.br\/portal\/wp-content\/uploads\/2025\/08\/cropped-mpe-logo1.png","contentUrl":"https:\/\/musicosparaeventos.com.br\/portal\/wp-content\/uploads\/2025\/08\/cropped-mpe-logo1.png","width":150,"height":71,"caption":"MPE M\u00fasicos para Eventos"},"image":{"@id":"https:\/\/musicosparaeventos.com.br\/portal\/#\/schema\/logo\/image\/"}},{"@type":"Person","@id":"https:\/\/musicosparaeventos.com.br\/portal\/#\/schema\/person\/0f332f6b91eab03f355fc43073b8effc","name":"musicos","image":{"@type":"ImageObject","inLanguage":"pt-BR","@id":"https:\/\/secure.gravatar.com\/avatar\/77c4f2efc455e6b89c26f9525fc6751c434347ca0df1cbcaf8e3e2e67d93e506?s=96&d=mm&r=g","url":"https:\/\/secure.gravatar.com\/avatar\/77c4f2efc455e6b89c26f9525fc6751c434347ca0df1cbcaf8e3e2e67d93e506?s=96&d=mm&r=g","contentUrl":"https:\/\/secure.gravatar.com\/avatar\/77c4f2efc455e6b89c26f9525fc6751c434347ca0df1cbcaf8e3e2e67d93e506?s=96&d=mm&r=g","caption":"musicos"},"sameAs":["https:\/\/musicosparaeventos.com.br\/portal"],"url":"https:\/\/musicosparaeventos.com.br\/portal\/author\/musicos\/"}]}},"_links":{"self":[{"href":"https:\/\/musicosparaeventos.com.br\/portal\/wp-json\/wp\/v2\/posts\/835","targetHints":{"allow":["GET"]}}],"collection":[{"href":"https:\/\/musicosparaeventos.com.br\/portal\/wp-json\/wp\/v2\/posts"}],"about":[{"href":"https:\/\/musicosparaeventos.com.br\/portal\/wp-json\/wp\/v2\/types\/post"}],"author":[{"embeddable":true,"href":"https:\/\/musicosparaeventos.com.br\/portal\/wp-json\/wp\/v2\/users\/1"}],"replies":[{"embeddable":true,"href":"https:\/\/musicosparaeventos.com.br\/portal\/wp-json\/wp\/v2\/comments?post=835"}],"version-history":[{"count":1,"href":"https:\/\/musicosparaeventos.com.br\/portal\/wp-json\/wp\/v2\/posts\/835\/revisions"}],"predecessor-version":[{"id":837,"href":"https:\/\/musicosparaeventos.com.br\/portal\/wp-json\/wp\/v2\/posts\/835\/revisions\/837"}],"wp:featuredmedia":[{"embeddable":true,"href":"https:\/\/musicosparaeventos.com.br\/portal\/wp-json\/wp\/v2\/media\/836"}],"wp:attachment":[{"href":"https:\/\/musicosparaeventos.com.br\/portal\/wp-json\/wp\/v2\/media?parent=835"}],"wp:term":[{"taxonomy":"category","embeddable":true,"href":"https:\/\/musicosparaeventos.com.br\/portal\/wp-json\/wp\/v2\/categories?post=835"},{"taxonomy":"post_tag","embeddable":true,"href":"https:\/\/musicosparaeventos.com.br\/portal\/wp-json\/wp\/v2\/tags?post=835"}],"curies":[{"name":"wp","href":"https:\/\/api.w.org\/{rel}","templated":true}]}}