{"id":787,"date":"2025-11-07T12:35:02","date_gmt":"2025-11-07T15:35:02","guid":{"rendered":"https:\/\/musicosparaeventos.com.br\/portal\/?p=787"},"modified":"2025-11-07T12:35:03","modified_gmt":"2025-11-07T15:35:03","slug":"%f0%9f%8e%b7%e2%9c%a8-sofisticacao-no-jantar-da-apresentacao-duo-de-sax-e-violao-no-tivoli-mofarrej","status":"publish","type":"post","link":"https:\/\/musicosparaeventos.com.br\/portal\/2025\/11\/07\/%f0%9f%8e%b7%e2%9c%a8-sofisticacao-no-jantar-da-apresentacao-duo-de-sax-e-violao-no-tivoli-mofarrej\/","title":{"rendered":"\ud83c\udfb7\u2728 Sofistica\u00e7\u00e3o no Jantar da Apresenta\u00e7\u00e3o: Duo de Sax e Viol\u00e3o no Tivoli Mofarrej"},"content":{"rendered":"\n<p>No cen\u00e1rio do <strong>Hotel Tivoli Mofarrej S\u00e3o Paulo<\/strong>, o Duo de Saxofone e Viol\u00e3o dos <strong>M\u00fasicos para Eventos MPE<\/strong> ser apresentou mais uma vez no evento corporativo de destaque. Desta vez, a m\u00fasica foi o toque final de uma noite de sucesso, acompanhando o jantar dos convidados ap\u00f3s uma importante palestra.<\/p>\n\n\n\n<hr class=\"wp-block-separator has-alpha-channel-opacity\"\/>\n\n\n\n<h3 class=\"wp-block-heading\">A Combina\u00e7\u00e3o Perfeita: Jazz, Pop e Eleg\u00e2ncia<\/h3>\n\n\n\n<p>Para criar uma atmosfera acolhedora, requintada e prop\u00edcia \u00e0 conversa, optamos por um repert\u00f3rio que mesclou a atemporalidade do <strong>Jazz Instrumental<\/strong> com a leveza do <strong>Pop Instrumental<\/strong>.<\/p>\n\n\n\n<p>O respons\u00e1vel por estas melodias marcantes foram os talentosos:<\/p>\n\n\n\n<ul class=\"wp-block-list\">\n<li><strong>Saxofone:<\/strong> Ewerton Silva<\/li>\n\n\n\n<li><strong>Viol\u00e3o:<\/strong> Vander Miawaki<\/li>\n<\/ul>\n\n\n\n<p>A sinergia entre o <strong>saxofone<\/strong>, com suas notas fluidas e expressivas, e o <strong>viol\u00e3o<\/strong>, que forneceu a base harm\u00f4nica suave e envolvente, garantiu a excel\u00eancia sonora do evento.<\/p>\n\n\n\n<blockquote class=\"wp-block-quote is-layout-flow wp-block-quote-is-layout-flow\">\n<p>\ud83c\udfb6 <strong>Destaque da Noite:<\/strong> A fus\u00e3o de cl\u00e1ssicos do Jazz com releituras instrumentais de <em>hits<\/em> populares criou um ambiente sofisticado, ideal para o <em>networking<\/em> e para apreciar o jantar no requintado espa\u00e7o do Tivoli Mofarrej. A m\u00fasica atuou como um elemento de relaxamento e aprecia\u00e7\u00e3o, transformando a refei\u00e7\u00e3o em uma experi\u00eancia sensorial completa.<\/p>\n<\/blockquote>\n\n\n\n<p>A experi\u00eancia do nosso duo em grandes hot\u00e9is, como o Tivoli Mofarrej, assegura que a entrega musical atenda aos mais altos padr\u00f5es de exig\u00eancia. Cuidamos de cada detalhe, desde o repert\u00f3rio personalizado at\u00e9 a sonoriza\u00e7\u00e3o discreta e impec\u00e1vel, garantindo que a m\u00fasica seja um complemento perfeito para o seu evento.<\/p>\n\n\n\n<hr class=\"wp-block-separator has-alpha-channel-opacity\"\/>\n\n\n\n<p>Seja um jantar, coquetel ou recep\u00e7\u00e3o, a forma\u00e7\u00e3o de <strong>Saxofone e Viol\u00e3o<\/strong> \u00e9 ideal para quem busca requinte e um som de alt\u00edssima qualidade.<\/p>\n\n\n\n<p><strong>Entre em contato e leve a excel\u00eancia dos M\u00fasicos MPE para o seu pr\u00f3ximo evento em S\u00e3o Paulo ou em qualquer lugar do Brasil!<\/strong><\/p>\n\n\n\n<figure class=\"wp-block-embed is-type-video is-provider-youtube wp-block-embed-youtube wp-embed-aspect-16-9 wp-has-aspect-ratio\"><div class=\"wp-block-embed__wrapper\">\n<iframe title=\"Saxofone e Viol\u00e3o - Duo Ac\u00fastico\" width=\"749\" height=\"421\" src=\"https:\/\/www.youtube.com\/embed\/ojH_uXvkXYA?feature=oembed\" frameborder=\"0\" allow=\"accelerometer; autoplay; clipboard-write; encrypted-media; gyroscope; picture-in-picture; web-share\" referrerpolicy=\"strict-origin-when-cross-origin\" allowfullscreen><\/iframe>\n<\/div><\/figure>\n","protected":false},"excerpt":{"rendered":"<p>No cen\u00e1rio do Hotel Tivoli Mofarrej S\u00e3o Paulo, o Duo de Saxofone e Viol\u00e3o dos M\u00fasicos para Eventos MPE ser apresentou mais uma vez no evento corporativo de destaque. Desta vez, a m\u00fasica foi o toque final de uma noite de sucesso, acompanhando o jantar dos convidados ap\u00f3s uma importante palestra. A Combina\u00e7\u00e3o Perfeita: Jazz, [&hellip;]<\/p>\n","protected":false},"author":1,"featured_media":779,"comment_status":"closed","ping_status":"open","sticky":false,"template":"","format":"standard","meta":{"footnotes":""},"categories":[151],"tags":[],"class_list":["post-787","post","type-post","status-publish","format-standard","has-post-thumbnail","hentry","category-eventos-realizados"],"yoast_head":"<!-- This site is optimized with the Yoast SEO plugin v27.2 - https:\/\/yoast.com\/product\/yoast-seo-wordpress\/ -->\n<title>\ud83c\udfb7\u2728 Sofistica\u00e7\u00e3o no Jantar da Apresenta\u00e7\u00e3o: Duo de Sax e Viol\u00e3o no Tivoli Mofarrej - MPE M\u00fasicos para Eventos<\/title>\n<meta name=\"robots\" content=\"index, follow, max-snippet:-1, max-image-preview:large, max-video-preview:-1\" \/>\n<link rel=\"canonical\" href=\"https:\/\/musicosparaeventos.com.br\/portal\/2025\/11\/07\/\ud83c\udfb7\u2728-sofisticacao-no-jantar-da-apresentacao-duo-de-sax-e-violao-no-tivoli-mofarrej\/\" \/>\n<meta property=\"og:locale\" content=\"pt_BR\" \/>\n<meta property=\"og:type\" content=\"article\" \/>\n<meta property=\"og:title\" content=\"\ud83c\udfb7\u2728 Sofistica\u00e7\u00e3o no Jantar da Apresenta\u00e7\u00e3o: Duo de Sax e Viol\u00e3o no Tivoli Mofarrej - MPE M\u00fasicos para Eventos\" \/>\n<meta property=\"og:description\" content=\"No cen\u00e1rio do Hotel Tivoli Mofarrej S\u00e3o Paulo, o Duo de Saxofone e Viol\u00e3o dos M\u00fasicos para Eventos MPE ser apresentou mais uma vez no evento corporativo de destaque. Desta vez, a m\u00fasica foi o toque final de uma noite de sucesso, acompanhando o jantar dos convidados ap\u00f3s uma importante palestra. A Combina\u00e7\u00e3o Perfeita: Jazz, [&hellip;]\" \/>\n<meta property=\"og:url\" content=\"https:\/\/musicosparaeventos.com.br\/portal\/2025\/11\/07\/\ud83c\udfb7\u2728-sofisticacao-no-jantar-da-apresentacao-duo-de-sax-e-violao-no-tivoli-mofarrej\/\" \/>\n<meta property=\"og:site_name\" content=\"MPE M\u00fasicos para Eventos\" \/>\n<meta property=\"article:published_time\" content=\"2025-11-07T15:35:02+00:00\" \/>\n<meta property=\"article:modified_time\" content=\"2025-11-07T15:35:03+00:00\" \/>\n<meta property=\"og:image\" content=\"https:\/\/musicosparaeventos.com.br\/portal\/wp-content\/uploads\/2025\/11\/saxofone-e-violao.jpg\" \/>\n\t<meta property=\"og:image:width\" content=\"1280\" \/>\n\t<meta property=\"og:image:height\" content=\"708\" \/>\n\t<meta property=\"og:image:type\" content=\"image\/jpeg\" \/>\n<meta name=\"author\" content=\"musicos\" \/>\n<meta name=\"twitter:card\" content=\"summary_large_image\" \/>\n<meta name=\"twitter:label1\" content=\"Escrito por\" \/>\n\t<meta name=\"twitter:data1\" content=\"musicos\" \/>\n\t<meta name=\"twitter:label2\" content=\"Est. tempo de leitura\" \/>\n\t<meta name=\"twitter:data2\" content=\"2 minutos\" \/>\n<script type=\"application\/ld+json\" class=\"yoast-schema-graph\">{\"@context\":\"https:\/\/schema.org\",\"@graph\":[{\"@type\":\"Article\",\"@id\":\"https:\/\/musicosparaeventos.com.br\/portal\/2025\/11\/07\/%f0%9f%8e%b7%e2%9c%a8-sofisticacao-no-jantar-da-apresentacao-duo-de-sax-e-violao-no-tivoli-mofarrej\/#article\",\"isPartOf\":{\"@id\":\"https:\/\/musicosparaeventos.com.br\/portal\/2025\/11\/07\/%f0%9f%8e%b7%e2%9c%a8-sofisticacao-no-jantar-da-apresentacao-duo-de-sax-e-violao-no-tivoli-mofarrej\/\"},\"author\":{\"name\":\"musicos\",\"@id\":\"https:\/\/musicosparaeventos.com.br\/portal\/#\/schema\/person\/0f332f6b91eab03f355fc43073b8effc\"},\"headline\":\"\ud83c\udfb7\u2728 Sofistica\u00e7\u00e3o no Jantar da Apresenta\u00e7\u00e3o: Duo de Sax e Viol\u00e3o no Tivoli Mofarrej\",\"datePublished\":\"2025-11-07T15:35:02+00:00\",\"dateModified\":\"2025-11-07T15:35:03+00:00\",\"mainEntityOfPage\":{\"@id\":\"https:\/\/musicosparaeventos.com.br\/portal\/2025\/11\/07\/%f0%9f%8e%b7%e2%9c%a8-sofisticacao-no-jantar-da-apresentacao-duo-de-sax-e-violao-no-tivoli-mofarrej\/\"},\"wordCount\":338,\"publisher\":{\"@id\":\"https:\/\/musicosparaeventos.com.br\/portal\/#organization\"},\"image\":{\"@id\":\"https:\/\/musicosparaeventos.com.br\/portal\/2025\/11\/07\/%f0%9f%8e%b7%e2%9c%a8-sofisticacao-no-jantar-da-apresentacao-duo-de-sax-e-violao-no-tivoli-mofarrej\/#primaryimage\"},\"thumbnailUrl\":\"https:\/\/musicosparaeventos.com.br\/portal\/wp-content\/uploads\/2025\/11\/saxofone-e-violao.jpg\",\"articleSection\":[\"Eventos Realizados\"],\"inLanguage\":\"pt-BR\"},{\"@type\":\"WebPage\",\"@id\":\"https:\/\/musicosparaeventos.com.br\/portal\/2025\/11\/07\/%f0%9f%8e%b7%e2%9c%a8-sofisticacao-no-jantar-da-apresentacao-duo-de-sax-e-violao-no-tivoli-mofarrej\/\",\"url\":\"https:\/\/musicosparaeventos.com.br\/portal\/2025\/11\/07\/%f0%9f%8e%b7%e2%9c%a8-sofisticacao-no-jantar-da-apresentacao-duo-de-sax-e-violao-no-tivoli-mofarrej\/\",\"name\":\"\ud83c\udfb7\u2728 Sofistica\u00e7\u00e3o no Jantar da Apresenta\u00e7\u00e3o: Duo de Sax e Viol\u00e3o no Tivoli Mofarrej - MPE M\u00fasicos para Eventos\",\"isPartOf\":{\"@id\":\"https:\/\/musicosparaeventos.com.br\/portal\/#website\"},\"primaryImageOfPage\":{\"@id\":\"https:\/\/musicosparaeventos.com.br\/portal\/2025\/11\/07\/%f0%9f%8e%b7%e2%9c%a8-sofisticacao-no-jantar-da-apresentacao-duo-de-sax-e-violao-no-tivoli-mofarrej\/#primaryimage\"},\"image\":{\"@id\":\"https:\/\/musicosparaeventos.com.br\/portal\/2025\/11\/07\/%f0%9f%8e%b7%e2%9c%a8-sofisticacao-no-jantar-da-apresentacao-duo-de-sax-e-violao-no-tivoli-mofarrej\/#primaryimage\"},\"thumbnailUrl\":\"https:\/\/musicosparaeventos.com.br\/portal\/wp-content\/uploads\/2025\/11\/saxofone-e-violao.jpg\",\"datePublished\":\"2025-11-07T15:35:02+00:00\",\"dateModified\":\"2025-11-07T15:35:03+00:00\",\"breadcrumb\":{\"@id\":\"https:\/\/musicosparaeventos.com.br\/portal\/2025\/11\/07\/%f0%9f%8e%b7%e2%9c%a8-sofisticacao-no-jantar-da-apresentacao-duo-de-sax-e-violao-no-tivoli-mofarrej\/#breadcrumb\"},\"inLanguage\":\"pt-BR\",\"potentialAction\":[{\"@type\":\"ReadAction\",\"target\":[\"https:\/\/musicosparaeventos.com.br\/portal\/2025\/11\/07\/%f0%9f%8e%b7%e2%9c%a8-sofisticacao-no-jantar-da-apresentacao-duo-de-sax-e-violao-no-tivoli-mofarrej\/\"]}]},{\"@type\":\"ImageObject\",\"inLanguage\":\"pt-BR\",\"@id\":\"https:\/\/musicosparaeventos.com.br\/portal\/2025\/11\/07\/%f0%9f%8e%b7%e2%9c%a8-sofisticacao-no-jantar-da-apresentacao-duo-de-sax-e-violao-no-tivoli-mofarrej\/#primaryimage\",\"url\":\"https:\/\/musicosparaeventos.com.br\/portal\/wp-content\/uploads\/2025\/11\/saxofone-e-violao.jpg\",\"contentUrl\":\"https:\/\/musicosparaeventos.com.br\/portal\/wp-content\/uploads\/2025\/11\/saxofone-e-violao.jpg\",\"width\":1280,\"height\":708,\"caption\":\"Screenshot\"},{\"@type\":\"BreadcrumbList\",\"@id\":\"https:\/\/musicosparaeventos.com.br\/portal\/2025\/11\/07\/%f0%9f%8e%b7%e2%9c%a8-sofisticacao-no-jantar-da-apresentacao-duo-de-sax-e-violao-no-tivoli-mofarrej\/#breadcrumb\",\"itemListElement\":[{\"@type\":\"ListItem\",\"position\":1,\"name\":\"In\u00edcio\",\"item\":\"https:\/\/musicosparaeventos.com.br\/portal\/\"},{\"@type\":\"ListItem\",\"position\":2,\"name\":\"\ud83c\udfb7\u2728 Sofistica\u00e7\u00e3o no Jantar da Apresenta\u00e7\u00e3o: Duo de Sax e Viol\u00e3o no Tivoli Mofarrej\"}]},{\"@type\":\"WebSite\",\"@id\":\"https:\/\/musicosparaeventos.com.br\/portal\/#website\",\"url\":\"https:\/\/musicosparaeventos.com.br\/portal\/\",\"name\":\"MPE M\u00fasicos para Eventos\",\"description\":\"MPE M\u00fasicos para Eventos\",\"publisher\":{\"@id\":\"https:\/\/musicosparaeventos.com.br\/portal\/#organization\"},\"potentialAction\":[{\"@type\":\"SearchAction\",\"target\":{\"@type\":\"EntryPoint\",\"urlTemplate\":\"https:\/\/musicosparaeventos.com.br\/portal\/?s={search_term_string}\"},\"query-input\":{\"@type\":\"PropertyValueSpecification\",\"valueRequired\":true,\"valueName\":\"search_term_string\"}}],\"inLanguage\":\"pt-BR\"},{\"@type\":\"Organization\",\"@id\":\"https:\/\/musicosparaeventos.com.br\/portal\/#organization\",\"name\":\"MPE M\u00fasicos para Eventos\",\"url\":\"https:\/\/musicosparaeventos.com.br\/portal\/\",\"logo\":{\"@type\":\"ImageObject\",\"inLanguage\":\"pt-BR\",\"@id\":\"https:\/\/musicosparaeventos.com.br\/portal\/#\/schema\/logo\/image\/\",\"url\":\"https:\/\/musicosparaeventos.com.br\/portal\/wp-content\/uploads\/2025\/08\/cropped-mpe-logo1.png\",\"contentUrl\":\"https:\/\/musicosparaeventos.com.br\/portal\/wp-content\/uploads\/2025\/08\/cropped-mpe-logo1.png\",\"width\":150,\"height\":71,\"caption\":\"MPE M\u00fasicos para Eventos\"},\"image\":{\"@id\":\"https:\/\/musicosparaeventos.com.br\/portal\/#\/schema\/logo\/image\/\"}},{\"@type\":\"Person\",\"@id\":\"https:\/\/musicosparaeventos.com.br\/portal\/#\/schema\/person\/0f332f6b91eab03f355fc43073b8effc\",\"name\":\"musicos\",\"image\":{\"@type\":\"ImageObject\",\"inLanguage\":\"pt-BR\",\"@id\":\"https:\/\/secure.gravatar.com\/avatar\/77c4f2efc455e6b89c26f9525fc6751c434347ca0df1cbcaf8e3e2e67d93e506?s=96&d=mm&r=g\",\"url\":\"https:\/\/secure.gravatar.com\/avatar\/77c4f2efc455e6b89c26f9525fc6751c434347ca0df1cbcaf8e3e2e67d93e506?s=96&d=mm&r=g\",\"contentUrl\":\"https:\/\/secure.gravatar.com\/avatar\/77c4f2efc455e6b89c26f9525fc6751c434347ca0df1cbcaf8e3e2e67d93e506?s=96&d=mm&r=g\",\"caption\":\"musicos\"},\"sameAs\":[\"https:\/\/musicosparaeventos.com.br\/portal\"],\"url\":\"https:\/\/musicosparaeventos.com.br\/portal\/author\/musicos\/\"}]}<\/script>\n<!-- \/ Yoast SEO plugin. -->","yoast_head_json":{"title":"\ud83c\udfb7\u2728 Sofistica\u00e7\u00e3o no Jantar da Apresenta\u00e7\u00e3o: Duo de Sax e Viol\u00e3o no Tivoli Mofarrej - MPE M\u00fasicos para Eventos","robots":{"index":"index","follow":"follow","max-snippet":"max-snippet:-1","max-image-preview":"max-image-preview:large","max-video-preview":"max-video-preview:-1"},"canonical":"https:\/\/musicosparaeventos.com.br\/portal\/2025\/11\/07\/\ud83c\udfb7\u2728-sofisticacao-no-jantar-da-apresentacao-duo-de-sax-e-violao-no-tivoli-mofarrej\/","og_locale":"pt_BR","og_type":"article","og_title":"\ud83c\udfb7\u2728 Sofistica\u00e7\u00e3o no Jantar da Apresenta\u00e7\u00e3o: Duo de Sax e Viol\u00e3o no Tivoli Mofarrej - MPE M\u00fasicos para Eventos","og_description":"No cen\u00e1rio do Hotel Tivoli Mofarrej S\u00e3o Paulo, o Duo de Saxofone e Viol\u00e3o dos M\u00fasicos para Eventos MPE ser apresentou mais uma vez no evento corporativo de destaque. Desta vez, a m\u00fasica foi o toque final de uma noite de sucesso, acompanhando o jantar dos convidados ap\u00f3s uma importante palestra. A Combina\u00e7\u00e3o Perfeita: Jazz, [&hellip;]","og_url":"https:\/\/musicosparaeventos.com.br\/portal\/2025\/11\/07\/\ud83c\udfb7\u2728-sofisticacao-no-jantar-da-apresentacao-duo-de-sax-e-violao-no-tivoli-mofarrej\/","og_site_name":"MPE M\u00fasicos para Eventos","article_published_time":"2025-11-07T15:35:02+00:00","article_modified_time":"2025-11-07T15:35:03+00:00","og_image":[{"width":1280,"height":708,"url":"https:\/\/musicosparaeventos.com.br\/portal\/wp-content\/uploads\/2025\/11\/saxofone-e-violao.jpg","type":"image\/jpeg"}],"author":"musicos","twitter_card":"summary_large_image","twitter_misc":{"Escrito por":"musicos","Est. tempo de leitura":"2 minutos"},"schema":{"@context":"https:\/\/schema.org","@graph":[{"@type":"Article","@id":"https:\/\/musicosparaeventos.com.br\/portal\/2025\/11\/07\/%f0%9f%8e%b7%e2%9c%a8-sofisticacao-no-jantar-da-apresentacao-duo-de-sax-e-violao-no-tivoli-mofarrej\/#article","isPartOf":{"@id":"https:\/\/musicosparaeventos.com.br\/portal\/2025\/11\/07\/%f0%9f%8e%b7%e2%9c%a8-sofisticacao-no-jantar-da-apresentacao-duo-de-sax-e-violao-no-tivoli-mofarrej\/"},"author":{"name":"musicos","@id":"https:\/\/musicosparaeventos.com.br\/portal\/#\/schema\/person\/0f332f6b91eab03f355fc43073b8effc"},"headline":"\ud83c\udfb7\u2728 Sofistica\u00e7\u00e3o no Jantar da Apresenta\u00e7\u00e3o: Duo de Sax e Viol\u00e3o no Tivoli Mofarrej","datePublished":"2025-11-07T15:35:02+00:00","dateModified":"2025-11-07T15:35:03+00:00","mainEntityOfPage":{"@id":"https:\/\/musicosparaeventos.com.br\/portal\/2025\/11\/07\/%f0%9f%8e%b7%e2%9c%a8-sofisticacao-no-jantar-da-apresentacao-duo-de-sax-e-violao-no-tivoli-mofarrej\/"},"wordCount":338,"publisher":{"@id":"https:\/\/musicosparaeventos.com.br\/portal\/#organization"},"image":{"@id":"https:\/\/musicosparaeventos.com.br\/portal\/2025\/11\/07\/%f0%9f%8e%b7%e2%9c%a8-sofisticacao-no-jantar-da-apresentacao-duo-de-sax-e-violao-no-tivoli-mofarrej\/#primaryimage"},"thumbnailUrl":"https:\/\/musicosparaeventos.com.br\/portal\/wp-content\/uploads\/2025\/11\/saxofone-e-violao.jpg","articleSection":["Eventos Realizados"],"inLanguage":"pt-BR"},{"@type":"WebPage","@id":"https:\/\/musicosparaeventos.com.br\/portal\/2025\/11\/07\/%f0%9f%8e%b7%e2%9c%a8-sofisticacao-no-jantar-da-apresentacao-duo-de-sax-e-violao-no-tivoli-mofarrej\/","url":"https:\/\/musicosparaeventos.com.br\/portal\/2025\/11\/07\/%f0%9f%8e%b7%e2%9c%a8-sofisticacao-no-jantar-da-apresentacao-duo-de-sax-e-violao-no-tivoli-mofarrej\/","name":"\ud83c\udfb7\u2728 Sofistica\u00e7\u00e3o no Jantar da Apresenta\u00e7\u00e3o: Duo de Sax e Viol\u00e3o no Tivoli Mofarrej - MPE M\u00fasicos para Eventos","isPartOf":{"@id":"https:\/\/musicosparaeventos.com.br\/portal\/#website"},"primaryImageOfPage":{"@id":"https:\/\/musicosparaeventos.com.br\/portal\/2025\/11\/07\/%f0%9f%8e%b7%e2%9c%a8-sofisticacao-no-jantar-da-apresentacao-duo-de-sax-e-violao-no-tivoli-mofarrej\/#primaryimage"},"image":{"@id":"https:\/\/musicosparaeventos.com.br\/portal\/2025\/11\/07\/%f0%9f%8e%b7%e2%9c%a8-sofisticacao-no-jantar-da-apresentacao-duo-de-sax-e-violao-no-tivoli-mofarrej\/#primaryimage"},"thumbnailUrl":"https:\/\/musicosparaeventos.com.br\/portal\/wp-content\/uploads\/2025\/11\/saxofone-e-violao.jpg","datePublished":"2025-11-07T15:35:02+00:00","dateModified":"2025-11-07T15:35:03+00:00","breadcrumb":{"@id":"https:\/\/musicosparaeventos.com.br\/portal\/2025\/11\/07\/%f0%9f%8e%b7%e2%9c%a8-sofisticacao-no-jantar-da-apresentacao-duo-de-sax-e-violao-no-tivoli-mofarrej\/#breadcrumb"},"inLanguage":"pt-BR","potentialAction":[{"@type":"ReadAction","target":["https:\/\/musicosparaeventos.com.br\/portal\/2025\/11\/07\/%f0%9f%8e%b7%e2%9c%a8-sofisticacao-no-jantar-da-apresentacao-duo-de-sax-e-violao-no-tivoli-mofarrej\/"]}]},{"@type":"ImageObject","inLanguage":"pt-BR","@id":"https:\/\/musicosparaeventos.com.br\/portal\/2025\/11\/07\/%f0%9f%8e%b7%e2%9c%a8-sofisticacao-no-jantar-da-apresentacao-duo-de-sax-e-violao-no-tivoli-mofarrej\/#primaryimage","url":"https:\/\/musicosparaeventos.com.br\/portal\/wp-content\/uploads\/2025\/11\/saxofone-e-violao.jpg","contentUrl":"https:\/\/musicosparaeventos.com.br\/portal\/wp-content\/uploads\/2025\/11\/saxofone-e-violao.jpg","width":1280,"height":708,"caption":"Screenshot"},{"@type":"BreadcrumbList","@id":"https:\/\/musicosparaeventos.com.br\/portal\/2025\/11\/07\/%f0%9f%8e%b7%e2%9c%a8-sofisticacao-no-jantar-da-apresentacao-duo-de-sax-e-violao-no-tivoli-mofarrej\/#breadcrumb","itemListElement":[{"@type":"ListItem","position":1,"name":"In\u00edcio","item":"https:\/\/musicosparaeventos.com.br\/portal\/"},{"@type":"ListItem","position":2,"name":"\ud83c\udfb7\u2728 Sofistica\u00e7\u00e3o no Jantar da Apresenta\u00e7\u00e3o: Duo de Sax e Viol\u00e3o no Tivoli Mofarrej"}]},{"@type":"WebSite","@id":"https:\/\/musicosparaeventos.com.br\/portal\/#website","url":"https:\/\/musicosparaeventos.com.br\/portal\/","name":"MPE M\u00fasicos para Eventos","description":"MPE M\u00fasicos para Eventos","publisher":{"@id":"https:\/\/musicosparaeventos.com.br\/portal\/#organization"},"potentialAction":[{"@type":"SearchAction","target":{"@type":"EntryPoint","urlTemplate":"https:\/\/musicosparaeventos.com.br\/portal\/?s={search_term_string}"},"query-input":{"@type":"PropertyValueSpecification","valueRequired":true,"valueName":"search_term_string"}}],"inLanguage":"pt-BR"},{"@type":"Organization","@id":"https:\/\/musicosparaeventos.com.br\/portal\/#organization","name":"MPE M\u00fasicos para Eventos","url":"https:\/\/musicosparaeventos.com.br\/portal\/","logo":{"@type":"ImageObject","inLanguage":"pt-BR","@id":"https:\/\/musicosparaeventos.com.br\/portal\/#\/schema\/logo\/image\/","url":"https:\/\/musicosparaeventos.com.br\/portal\/wp-content\/uploads\/2025\/08\/cropped-mpe-logo1.png","contentUrl":"https:\/\/musicosparaeventos.com.br\/portal\/wp-content\/uploads\/2025\/08\/cropped-mpe-logo1.png","width":150,"height":71,"caption":"MPE M\u00fasicos para Eventos"},"image":{"@id":"https:\/\/musicosparaeventos.com.br\/portal\/#\/schema\/logo\/image\/"}},{"@type":"Person","@id":"https:\/\/musicosparaeventos.com.br\/portal\/#\/schema\/person\/0f332f6b91eab03f355fc43073b8effc","name":"musicos","image":{"@type":"ImageObject","inLanguage":"pt-BR","@id":"https:\/\/secure.gravatar.com\/avatar\/77c4f2efc455e6b89c26f9525fc6751c434347ca0df1cbcaf8e3e2e67d93e506?s=96&d=mm&r=g","url":"https:\/\/secure.gravatar.com\/avatar\/77c4f2efc455e6b89c26f9525fc6751c434347ca0df1cbcaf8e3e2e67d93e506?s=96&d=mm&r=g","contentUrl":"https:\/\/secure.gravatar.com\/avatar\/77c4f2efc455e6b89c26f9525fc6751c434347ca0df1cbcaf8e3e2e67d93e506?s=96&d=mm&r=g","caption":"musicos"},"sameAs":["https:\/\/musicosparaeventos.com.br\/portal"],"url":"https:\/\/musicosparaeventos.com.br\/portal\/author\/musicos\/"}]}},"_links":{"self":[{"href":"https:\/\/musicosparaeventos.com.br\/portal\/wp-json\/wp\/v2\/posts\/787","targetHints":{"allow":["GET"]}}],"collection":[{"href":"https:\/\/musicosparaeventos.com.br\/portal\/wp-json\/wp\/v2\/posts"}],"about":[{"href":"https:\/\/musicosparaeventos.com.br\/portal\/wp-json\/wp\/v2\/types\/post"}],"author":[{"embeddable":true,"href":"https:\/\/musicosparaeventos.com.br\/portal\/wp-json\/wp\/v2\/users\/1"}],"replies":[{"embeddable":true,"href":"https:\/\/musicosparaeventos.com.br\/portal\/wp-json\/wp\/v2\/comments?post=787"}],"version-history":[{"count":1,"href":"https:\/\/musicosparaeventos.com.br\/portal\/wp-json\/wp\/v2\/posts\/787\/revisions"}],"predecessor-version":[{"id":788,"href":"https:\/\/musicosparaeventos.com.br\/portal\/wp-json\/wp\/v2\/posts\/787\/revisions\/788"}],"wp:featuredmedia":[{"embeddable":true,"href":"https:\/\/musicosparaeventos.com.br\/portal\/wp-json\/wp\/v2\/media\/779"}],"wp:attachment":[{"href":"https:\/\/musicosparaeventos.com.br\/portal\/wp-json\/wp\/v2\/media?parent=787"}],"wp:term":[{"taxonomy":"category","embeddable":true,"href":"https:\/\/musicosparaeventos.com.br\/portal\/wp-json\/wp\/v2\/categories?post=787"},{"taxonomy":"post_tag","embeddable":true,"href":"https:\/\/musicosparaeventos.com.br\/portal\/wp-json\/wp\/v2\/tags?post=787"}],"curies":[{"name":"wp","href":"https:\/\/api.w.org\/{rel}","templated":true}]}}