{"id":785,"date":"2025-11-07T12:26:52","date_gmt":"2025-11-07T15:26:52","guid":{"rendered":"https:\/\/musicosparaeventos.com.br\/portal\/?p=785"},"modified":"2025-11-07T12:26:53","modified_gmt":"2025-11-07T15:26:53","slug":"saxofone-e-violao-no-evento-da-tma-brasil","status":"publish","type":"post","link":"https:\/\/musicosparaeventos.com.br\/portal\/2025\/11\/07\/saxofone-e-violao-no-evento-da-tma-brasil\/","title":{"rendered":"Saxofone e Viol\u00e3o no Evento da TMA Brasil"},"content":{"rendered":"\n<h2 class=\"wp-block-heading\">\ud83c\udfb8 Sax e Viol\u00e3o no Grand Hyatt: A Trilha Sonora Instrumental de Pop\/Rock para a TMA Brasil! \ud83c\udfb7<\/h2>\n\n\n\n<p>No evento da <strong>TMA Brasil<\/strong> (Turnaround Management Association) no <strong>Hotel Grand Hyatt S\u00e3o Paulo<\/strong>, os <strong>M\u00fasicos para Eventos MPE<\/strong> garantiram a atmosfera perfeita para o coquetel de confraterniza\u00e7\u00e3o dos convidados.<\/p>\n\n\n\n<hr class=\"wp-block-separator has-alpha-channel-opacity\"\/>\n\n\n\n<h3 class=\"wp-block-heading\">Eleg\u00e2ncia e Ritmo no Cen\u00e1rio Corporativo<\/h3>\n\n\n\n<p>Para este evento de alto n\u00edvel, o nosso <strong>Duo de Saxofone e Viol\u00e3o<\/strong> se apresentou com um repert\u00f3rio vibrante e, ao mesmo tempo, sofisticado.<\/p>\n\n\n\n<ul class=\"wp-block-list\">\n<li><strong>A Versatilidade do Instrumental:<\/strong> Sem letras, a m\u00fasica instrumental tem o poder de preencher o ambiente com energia e ritmo, mas de forma agrad\u00e1vel, permitindo a conversa e o <em>networking<\/em> entre os participantes.<\/li>\n\n\n\n<li><strong>Repert\u00f3rio Inovador:<\/strong> De cl\u00e1ssicos do Rock a <em>hits<\/em> contempor\u00e2neos do Pop, as melodias foram apresentadas em arranjos elegantes de sax e viol\u00e3o, criando uma experi\u00eancia \u00fanica e moderna. O resultado foi uma trilha sonora que uniu o <em>groove<\/em> do rock \u00e0 sofistica\u00e7\u00e3o de um coquetel executivo.<\/li>\n<\/ul>\n\n\n\n<blockquote class=\"wp-block-quote is-layout-flow wp-block-quote-is-layout-flow\">\n<p>\ud83c\udf1f <strong>Destaque:<\/strong> A performance do duo harmonizou perfeitamente com a infraestrutura e o requinte do Grand Hyatt, transformando o <em>cocktail<\/em> em um momento de descontra\u00e7\u00e3o e bom gosto musical ap\u00f3s um dia de palestras e neg\u00f3cios.<\/p>\n<\/blockquote>\n\n\n\n<h3 class=\"wp-block-heading\">M\u00fasicos MPE: A Escolha Certa para Seu Evento<\/h3>\n\n\n\n<p>Mais uma vez, os M\u00fasicos para Eventos MPE demonstram sua capacidade de entender o DNA de cada evento e customizar a performance e o repert\u00f3rio. Seja para um congresso corporativo como o da TMA Brasil ou para um casamento, a m\u00fasica \u00e9 o toque essencial que transforma um encontro em uma <strong>experi\u00eancia memor\u00e1vel<\/strong>.<\/p>\n\n\n\n<hr class=\"wp-block-separator has-alpha-channel-opacity\"\/>\n\n\n\n<p>Se voc\u00ea tamb\u00e9m busca uma trilha sonora sofisticada e personalizada para seu pr\u00f3ximo coquetel, reuni\u00e3o ou grande evento, <strong>fale com a equipe MPE!<\/strong><\/p>\n\n\n\n<figure class=\"wp-block-embed is-type-video is-provider-youtube wp-block-embed-youtube wp-embed-aspect-16-9 wp-has-aspect-ratio\"><div class=\"wp-block-embed__wrapper\">\n<iframe title=\"Saxofone e Viol\u00e3o com Tais e Thiago\" width=\"749\" height=\"421\" src=\"https:\/\/www.youtube.com\/embed\/z3c4YBWq794?feature=oembed\" frameborder=\"0\" allow=\"accelerometer; autoplay; clipboard-write; encrypted-media; gyroscope; picture-in-picture; web-share\" referrerpolicy=\"strict-origin-when-cross-origin\" allowfullscreen><\/iframe>\n<\/div><\/figure>\n","protected":false},"excerpt":{"rendered":"<p>\ud83c\udfb8 Sax e Viol\u00e3o no Grand Hyatt: A Trilha Sonora Instrumental de Pop\/Rock para a TMA Brasil! \ud83c\udfb7 No evento da TMA Brasil (Turnaround Management Association) no Hotel Grand Hyatt S\u00e3o Paulo, os M\u00fasicos para Eventos MPE garantiram a atmosfera perfeita para o coquetel de confraterniza\u00e7\u00e3o dos convidados. Eleg\u00e2ncia e Ritmo no Cen\u00e1rio Corporativo Para [&hellip;]<\/p>\n","protected":false},"author":1,"featured_media":783,"comment_status":"closed","ping_status":"open","sticky":false,"template":"","format":"standard","meta":{"footnotes":""},"categories":[151],"tags":[],"class_list":["post-785","post","type-post","status-publish","format-standard","has-post-thumbnail","hentry","category-eventos-realizados"],"yoast_head":"<!-- This site is optimized with the Yoast SEO plugin v27.2 - https:\/\/yoast.com\/product\/yoast-seo-wordpress\/ -->\n<title>Saxofone e Viol\u00e3o no Evento da TMA Brasil - MPE M\u00fasicos para Eventos<\/title>\n<meta name=\"robots\" content=\"index, follow, max-snippet:-1, max-image-preview:large, max-video-preview:-1\" \/>\n<link rel=\"canonical\" href=\"https:\/\/musicosparaeventos.com.br\/portal\/2025\/11\/07\/saxofone-e-violao-no-evento-da-tma-brasil\/\" \/>\n<meta property=\"og:locale\" content=\"pt_BR\" \/>\n<meta property=\"og:type\" content=\"article\" \/>\n<meta property=\"og:title\" content=\"Saxofone e Viol\u00e3o no Evento da TMA Brasil - MPE M\u00fasicos para Eventos\" \/>\n<meta property=\"og:description\" content=\"\ud83c\udfb8 Sax e Viol\u00e3o no Grand Hyatt: A Trilha Sonora Instrumental de Pop\/Rock para a TMA Brasil! \ud83c\udfb7 No evento da TMA Brasil (Turnaround Management Association) no Hotel Grand Hyatt S\u00e3o Paulo, os M\u00fasicos para Eventos MPE garantiram a atmosfera perfeita para o coquetel de confraterniza\u00e7\u00e3o dos convidados. Eleg\u00e2ncia e Ritmo no Cen\u00e1rio Corporativo Para [&hellip;]\" \/>\n<meta property=\"og:url\" content=\"https:\/\/musicosparaeventos.com.br\/portal\/2025\/11\/07\/saxofone-e-violao-no-evento-da-tma-brasil\/\" \/>\n<meta property=\"og:site_name\" content=\"MPE M\u00fasicos para Eventos\" \/>\n<meta property=\"article:published_time\" content=\"2025-11-07T15:26:52+00:00\" \/>\n<meta property=\"article:modified_time\" content=\"2025-11-07T15:26:53+00:00\" \/>\n<meta property=\"og:image\" content=\"https:\/\/musicosparaeventos.com.br\/portal\/wp-content\/uploads\/2025\/11\/tais-e-thiago.jpg\" \/>\n\t<meta property=\"og:image:width\" content=\"1280\" \/>\n\t<meta property=\"og:image:height\" content=\"710\" \/>\n\t<meta property=\"og:image:type\" content=\"image\/jpeg\" \/>\n<meta name=\"author\" content=\"musicos\" \/>\n<meta name=\"twitter:card\" content=\"summary_large_image\" \/>\n<meta name=\"twitter:label1\" content=\"Escrito por\" \/>\n\t<meta name=\"twitter:data1\" content=\"musicos\" \/>\n\t<meta name=\"twitter:label2\" content=\"Est. tempo de leitura\" \/>\n\t<meta name=\"twitter:data2\" content=\"2 minutos\" \/>\n<script type=\"application\/ld+json\" class=\"yoast-schema-graph\">{\"@context\":\"https:\/\/schema.org\",\"@graph\":[{\"@type\":\"Article\",\"@id\":\"https:\/\/musicosparaeventos.com.br\/portal\/2025\/11\/07\/saxofone-e-violao-no-evento-da-tma-brasil\/#article\",\"isPartOf\":{\"@id\":\"https:\/\/musicosparaeventos.com.br\/portal\/2025\/11\/07\/saxofone-e-violao-no-evento-da-tma-brasil\/\"},\"author\":{\"name\":\"musicos\",\"@id\":\"https:\/\/musicosparaeventos.com.br\/portal\/#\/schema\/person\/0f332f6b91eab03f355fc43073b8effc\"},\"headline\":\"Saxofone e Viol\u00e3o no Evento da TMA Brasil\",\"datePublished\":\"2025-11-07T15:26:52+00:00\",\"dateModified\":\"2025-11-07T15:26:53+00:00\",\"mainEntityOfPage\":{\"@id\":\"https:\/\/musicosparaeventos.com.br\/portal\/2025\/11\/07\/saxofone-e-violao-no-evento-da-tma-brasil\/\"},\"wordCount\":317,\"publisher\":{\"@id\":\"https:\/\/musicosparaeventos.com.br\/portal\/#organization\"},\"image\":{\"@id\":\"https:\/\/musicosparaeventos.com.br\/portal\/2025\/11\/07\/saxofone-e-violao-no-evento-da-tma-brasil\/#primaryimage\"},\"thumbnailUrl\":\"https:\/\/musicosparaeventos.com.br\/portal\/wp-content\/uploads\/2025\/11\/tais-e-thiago.jpg\",\"articleSection\":[\"Eventos Realizados\"],\"inLanguage\":\"pt-BR\"},{\"@type\":\"WebPage\",\"@id\":\"https:\/\/musicosparaeventos.com.br\/portal\/2025\/11\/07\/saxofone-e-violao-no-evento-da-tma-brasil\/\",\"url\":\"https:\/\/musicosparaeventos.com.br\/portal\/2025\/11\/07\/saxofone-e-violao-no-evento-da-tma-brasil\/\",\"name\":\"Saxofone e Viol\u00e3o no Evento da TMA Brasil - MPE M\u00fasicos para Eventos\",\"isPartOf\":{\"@id\":\"https:\/\/musicosparaeventos.com.br\/portal\/#website\"},\"primaryImageOfPage\":{\"@id\":\"https:\/\/musicosparaeventos.com.br\/portal\/2025\/11\/07\/saxofone-e-violao-no-evento-da-tma-brasil\/#primaryimage\"},\"image\":{\"@id\":\"https:\/\/musicosparaeventos.com.br\/portal\/2025\/11\/07\/saxofone-e-violao-no-evento-da-tma-brasil\/#primaryimage\"},\"thumbnailUrl\":\"https:\/\/musicosparaeventos.com.br\/portal\/wp-content\/uploads\/2025\/11\/tais-e-thiago.jpg\",\"datePublished\":\"2025-11-07T15:26:52+00:00\",\"dateModified\":\"2025-11-07T15:26:53+00:00\",\"breadcrumb\":{\"@id\":\"https:\/\/musicosparaeventos.com.br\/portal\/2025\/11\/07\/saxofone-e-violao-no-evento-da-tma-brasil\/#breadcrumb\"},\"inLanguage\":\"pt-BR\",\"potentialAction\":[{\"@type\":\"ReadAction\",\"target\":[\"https:\/\/musicosparaeventos.com.br\/portal\/2025\/11\/07\/saxofone-e-violao-no-evento-da-tma-brasil\/\"]}]},{\"@type\":\"ImageObject\",\"inLanguage\":\"pt-BR\",\"@id\":\"https:\/\/musicosparaeventos.com.br\/portal\/2025\/11\/07\/saxofone-e-violao-no-evento-da-tma-brasil\/#primaryimage\",\"url\":\"https:\/\/musicosparaeventos.com.br\/portal\/wp-content\/uploads\/2025\/11\/tais-e-thiago.jpg\",\"contentUrl\":\"https:\/\/musicosparaeventos.com.br\/portal\/wp-content\/uploads\/2025\/11\/tais-e-thiago.jpg\",\"width\":1280,\"height\":710,\"caption\":\"Screenshot\"},{\"@type\":\"BreadcrumbList\",\"@id\":\"https:\/\/musicosparaeventos.com.br\/portal\/2025\/11\/07\/saxofone-e-violao-no-evento-da-tma-brasil\/#breadcrumb\",\"itemListElement\":[{\"@type\":\"ListItem\",\"position\":1,\"name\":\"In\u00edcio\",\"item\":\"https:\/\/musicosparaeventos.com.br\/portal\/\"},{\"@type\":\"ListItem\",\"position\":2,\"name\":\"Saxofone e Viol\u00e3o no Evento da TMA Brasil\"}]},{\"@type\":\"WebSite\",\"@id\":\"https:\/\/musicosparaeventos.com.br\/portal\/#website\",\"url\":\"https:\/\/musicosparaeventos.com.br\/portal\/\",\"name\":\"MPE M\u00fasicos para Eventos\",\"description\":\"MPE M\u00fasicos para Eventos\",\"publisher\":{\"@id\":\"https:\/\/musicosparaeventos.com.br\/portal\/#organization\"},\"potentialAction\":[{\"@type\":\"SearchAction\",\"target\":{\"@type\":\"EntryPoint\",\"urlTemplate\":\"https:\/\/musicosparaeventos.com.br\/portal\/?s={search_term_string}\"},\"query-input\":{\"@type\":\"PropertyValueSpecification\",\"valueRequired\":true,\"valueName\":\"search_term_string\"}}],\"inLanguage\":\"pt-BR\"},{\"@type\":\"Organization\",\"@id\":\"https:\/\/musicosparaeventos.com.br\/portal\/#organization\",\"name\":\"MPE M\u00fasicos para Eventos\",\"url\":\"https:\/\/musicosparaeventos.com.br\/portal\/\",\"logo\":{\"@type\":\"ImageObject\",\"inLanguage\":\"pt-BR\",\"@id\":\"https:\/\/musicosparaeventos.com.br\/portal\/#\/schema\/logo\/image\/\",\"url\":\"https:\/\/musicosparaeventos.com.br\/portal\/wp-content\/uploads\/2025\/08\/cropped-mpe-logo1.png\",\"contentUrl\":\"https:\/\/musicosparaeventos.com.br\/portal\/wp-content\/uploads\/2025\/08\/cropped-mpe-logo1.png\",\"width\":150,\"height\":71,\"caption\":\"MPE M\u00fasicos para Eventos\"},\"image\":{\"@id\":\"https:\/\/musicosparaeventos.com.br\/portal\/#\/schema\/logo\/image\/\"}},{\"@type\":\"Person\",\"@id\":\"https:\/\/musicosparaeventos.com.br\/portal\/#\/schema\/person\/0f332f6b91eab03f355fc43073b8effc\",\"name\":\"musicos\",\"image\":{\"@type\":\"ImageObject\",\"inLanguage\":\"pt-BR\",\"@id\":\"https:\/\/secure.gravatar.com\/avatar\/77c4f2efc455e6b89c26f9525fc6751c434347ca0df1cbcaf8e3e2e67d93e506?s=96&d=mm&r=g\",\"url\":\"https:\/\/secure.gravatar.com\/avatar\/77c4f2efc455e6b89c26f9525fc6751c434347ca0df1cbcaf8e3e2e67d93e506?s=96&d=mm&r=g\",\"contentUrl\":\"https:\/\/secure.gravatar.com\/avatar\/77c4f2efc455e6b89c26f9525fc6751c434347ca0df1cbcaf8e3e2e67d93e506?s=96&d=mm&r=g\",\"caption\":\"musicos\"},\"sameAs\":[\"https:\/\/musicosparaeventos.com.br\/portal\"],\"url\":\"https:\/\/musicosparaeventos.com.br\/portal\/author\/musicos\/\"}]}<\/script>\n<!-- \/ Yoast SEO plugin. -->","yoast_head_json":{"title":"Saxofone e Viol\u00e3o no Evento da TMA Brasil - MPE M\u00fasicos para Eventos","robots":{"index":"index","follow":"follow","max-snippet":"max-snippet:-1","max-image-preview":"max-image-preview:large","max-video-preview":"max-video-preview:-1"},"canonical":"https:\/\/musicosparaeventos.com.br\/portal\/2025\/11\/07\/saxofone-e-violao-no-evento-da-tma-brasil\/","og_locale":"pt_BR","og_type":"article","og_title":"Saxofone e Viol\u00e3o no Evento da TMA Brasil - MPE M\u00fasicos para Eventos","og_description":"\ud83c\udfb8 Sax e Viol\u00e3o no Grand Hyatt: A Trilha Sonora Instrumental de Pop\/Rock para a TMA Brasil! \ud83c\udfb7 No evento da TMA Brasil (Turnaround Management Association) no Hotel Grand Hyatt S\u00e3o Paulo, os M\u00fasicos para Eventos MPE garantiram a atmosfera perfeita para o coquetel de confraterniza\u00e7\u00e3o dos convidados. Eleg\u00e2ncia e Ritmo no Cen\u00e1rio Corporativo Para [&hellip;]","og_url":"https:\/\/musicosparaeventos.com.br\/portal\/2025\/11\/07\/saxofone-e-violao-no-evento-da-tma-brasil\/","og_site_name":"MPE M\u00fasicos para Eventos","article_published_time":"2025-11-07T15:26:52+00:00","article_modified_time":"2025-11-07T15:26:53+00:00","og_image":[{"width":1280,"height":710,"url":"https:\/\/musicosparaeventos.com.br\/portal\/wp-content\/uploads\/2025\/11\/tais-e-thiago.jpg","type":"image\/jpeg"}],"author":"musicos","twitter_card":"summary_large_image","twitter_misc":{"Escrito por":"musicos","Est. tempo de leitura":"2 minutos"},"schema":{"@context":"https:\/\/schema.org","@graph":[{"@type":"Article","@id":"https:\/\/musicosparaeventos.com.br\/portal\/2025\/11\/07\/saxofone-e-violao-no-evento-da-tma-brasil\/#article","isPartOf":{"@id":"https:\/\/musicosparaeventos.com.br\/portal\/2025\/11\/07\/saxofone-e-violao-no-evento-da-tma-brasil\/"},"author":{"name":"musicos","@id":"https:\/\/musicosparaeventos.com.br\/portal\/#\/schema\/person\/0f332f6b91eab03f355fc43073b8effc"},"headline":"Saxofone e Viol\u00e3o no Evento da TMA Brasil","datePublished":"2025-11-07T15:26:52+00:00","dateModified":"2025-11-07T15:26:53+00:00","mainEntityOfPage":{"@id":"https:\/\/musicosparaeventos.com.br\/portal\/2025\/11\/07\/saxofone-e-violao-no-evento-da-tma-brasil\/"},"wordCount":317,"publisher":{"@id":"https:\/\/musicosparaeventos.com.br\/portal\/#organization"},"image":{"@id":"https:\/\/musicosparaeventos.com.br\/portal\/2025\/11\/07\/saxofone-e-violao-no-evento-da-tma-brasil\/#primaryimage"},"thumbnailUrl":"https:\/\/musicosparaeventos.com.br\/portal\/wp-content\/uploads\/2025\/11\/tais-e-thiago.jpg","articleSection":["Eventos Realizados"],"inLanguage":"pt-BR"},{"@type":"WebPage","@id":"https:\/\/musicosparaeventos.com.br\/portal\/2025\/11\/07\/saxofone-e-violao-no-evento-da-tma-brasil\/","url":"https:\/\/musicosparaeventos.com.br\/portal\/2025\/11\/07\/saxofone-e-violao-no-evento-da-tma-brasil\/","name":"Saxofone e Viol\u00e3o no Evento da TMA Brasil - MPE M\u00fasicos para Eventos","isPartOf":{"@id":"https:\/\/musicosparaeventos.com.br\/portal\/#website"},"primaryImageOfPage":{"@id":"https:\/\/musicosparaeventos.com.br\/portal\/2025\/11\/07\/saxofone-e-violao-no-evento-da-tma-brasil\/#primaryimage"},"image":{"@id":"https:\/\/musicosparaeventos.com.br\/portal\/2025\/11\/07\/saxofone-e-violao-no-evento-da-tma-brasil\/#primaryimage"},"thumbnailUrl":"https:\/\/musicosparaeventos.com.br\/portal\/wp-content\/uploads\/2025\/11\/tais-e-thiago.jpg","datePublished":"2025-11-07T15:26:52+00:00","dateModified":"2025-11-07T15:26:53+00:00","breadcrumb":{"@id":"https:\/\/musicosparaeventos.com.br\/portal\/2025\/11\/07\/saxofone-e-violao-no-evento-da-tma-brasil\/#breadcrumb"},"inLanguage":"pt-BR","potentialAction":[{"@type":"ReadAction","target":["https:\/\/musicosparaeventos.com.br\/portal\/2025\/11\/07\/saxofone-e-violao-no-evento-da-tma-brasil\/"]}]},{"@type":"ImageObject","inLanguage":"pt-BR","@id":"https:\/\/musicosparaeventos.com.br\/portal\/2025\/11\/07\/saxofone-e-violao-no-evento-da-tma-brasil\/#primaryimage","url":"https:\/\/musicosparaeventos.com.br\/portal\/wp-content\/uploads\/2025\/11\/tais-e-thiago.jpg","contentUrl":"https:\/\/musicosparaeventos.com.br\/portal\/wp-content\/uploads\/2025\/11\/tais-e-thiago.jpg","width":1280,"height":710,"caption":"Screenshot"},{"@type":"BreadcrumbList","@id":"https:\/\/musicosparaeventos.com.br\/portal\/2025\/11\/07\/saxofone-e-violao-no-evento-da-tma-brasil\/#breadcrumb","itemListElement":[{"@type":"ListItem","position":1,"name":"In\u00edcio","item":"https:\/\/musicosparaeventos.com.br\/portal\/"},{"@type":"ListItem","position":2,"name":"Saxofone e Viol\u00e3o no Evento da TMA Brasil"}]},{"@type":"WebSite","@id":"https:\/\/musicosparaeventos.com.br\/portal\/#website","url":"https:\/\/musicosparaeventos.com.br\/portal\/","name":"MPE M\u00fasicos para Eventos","description":"MPE M\u00fasicos para Eventos","publisher":{"@id":"https:\/\/musicosparaeventos.com.br\/portal\/#organization"},"potentialAction":[{"@type":"SearchAction","target":{"@type":"EntryPoint","urlTemplate":"https:\/\/musicosparaeventos.com.br\/portal\/?s={search_term_string}"},"query-input":{"@type":"PropertyValueSpecification","valueRequired":true,"valueName":"search_term_string"}}],"inLanguage":"pt-BR"},{"@type":"Organization","@id":"https:\/\/musicosparaeventos.com.br\/portal\/#organization","name":"MPE M\u00fasicos para Eventos","url":"https:\/\/musicosparaeventos.com.br\/portal\/","logo":{"@type":"ImageObject","inLanguage":"pt-BR","@id":"https:\/\/musicosparaeventos.com.br\/portal\/#\/schema\/logo\/image\/","url":"https:\/\/musicosparaeventos.com.br\/portal\/wp-content\/uploads\/2025\/08\/cropped-mpe-logo1.png","contentUrl":"https:\/\/musicosparaeventos.com.br\/portal\/wp-content\/uploads\/2025\/08\/cropped-mpe-logo1.png","width":150,"height":71,"caption":"MPE M\u00fasicos para Eventos"},"image":{"@id":"https:\/\/musicosparaeventos.com.br\/portal\/#\/schema\/logo\/image\/"}},{"@type":"Person","@id":"https:\/\/musicosparaeventos.com.br\/portal\/#\/schema\/person\/0f332f6b91eab03f355fc43073b8effc","name":"musicos","image":{"@type":"ImageObject","inLanguage":"pt-BR","@id":"https:\/\/secure.gravatar.com\/avatar\/77c4f2efc455e6b89c26f9525fc6751c434347ca0df1cbcaf8e3e2e67d93e506?s=96&d=mm&r=g","url":"https:\/\/secure.gravatar.com\/avatar\/77c4f2efc455e6b89c26f9525fc6751c434347ca0df1cbcaf8e3e2e67d93e506?s=96&d=mm&r=g","contentUrl":"https:\/\/secure.gravatar.com\/avatar\/77c4f2efc455e6b89c26f9525fc6751c434347ca0df1cbcaf8e3e2e67d93e506?s=96&d=mm&r=g","caption":"musicos"},"sameAs":["https:\/\/musicosparaeventos.com.br\/portal"],"url":"https:\/\/musicosparaeventos.com.br\/portal\/author\/musicos\/"}]}},"_links":{"self":[{"href":"https:\/\/musicosparaeventos.com.br\/portal\/wp-json\/wp\/v2\/posts\/785","targetHints":{"allow":["GET"]}}],"collection":[{"href":"https:\/\/musicosparaeventos.com.br\/portal\/wp-json\/wp\/v2\/posts"}],"about":[{"href":"https:\/\/musicosparaeventos.com.br\/portal\/wp-json\/wp\/v2\/types\/post"}],"author":[{"embeddable":true,"href":"https:\/\/musicosparaeventos.com.br\/portal\/wp-json\/wp\/v2\/users\/1"}],"replies":[{"embeddable":true,"href":"https:\/\/musicosparaeventos.com.br\/portal\/wp-json\/wp\/v2\/comments?post=785"}],"version-history":[{"count":1,"href":"https:\/\/musicosparaeventos.com.br\/portal\/wp-json\/wp\/v2\/posts\/785\/revisions"}],"predecessor-version":[{"id":786,"href":"https:\/\/musicosparaeventos.com.br\/portal\/wp-json\/wp\/v2\/posts\/785\/revisions\/786"}],"wp:featuredmedia":[{"embeddable":true,"href":"https:\/\/musicosparaeventos.com.br\/portal\/wp-json\/wp\/v2\/media\/783"}],"wp:attachment":[{"href":"https:\/\/musicosparaeventos.com.br\/portal\/wp-json\/wp\/v2\/media?parent=785"}],"wp:term":[{"taxonomy":"category","embeddable":true,"href":"https:\/\/musicosparaeventos.com.br\/portal\/wp-json\/wp\/v2\/categories?post=785"},{"taxonomy":"post_tag","embeddable":true,"href":"https:\/\/musicosparaeventos.com.br\/portal\/wp-json\/wp\/v2\/tags?post=785"}],"curies":[{"name":"wp","href":"https:\/\/api.w.org\/{rel}","templated":true}]}}