{"id":744,"date":"2025-10-01T16:14:20","date_gmt":"2025-10-01T19:14:20","guid":{"rendered":"https:\/\/musicosparaeventos.com.br\/portal\/?p=744"},"modified":"2025-10-01T16:14:21","modified_gmt":"2025-10-01T19:14:21","slug":"confraternizacao-com-rock-sound-rider-no-hotel-mercure-jardins","status":"publish","type":"post","link":"https:\/\/musicosparaeventos.com.br\/portal\/2025\/10\/01\/confraternizacao-com-rock-sound-rider-no-hotel-mercure-jardins\/","title":{"rendered":"Confraterniza\u00e7\u00e3o com Rock: Sound Rider no Hotel Mercure Jardins"},"content":{"rendered":"\n<p>A festa de fim de ano dos colaboradores do <strong>Hotel Mercure Jardins<\/strong>, em S\u00e3o Paulo, ganhou uma dose extra de energia com a presen\u00e7a da <strong>Banda Sound Rider<\/strong>!<\/p>\n\n\n\n<p>O evento de confraterniza\u00e7\u00e3o foi embalado por um repert\u00f3rio contagiante de <strong>pop rock<\/strong>, garantindo que todos os colaboradores dan\u00e7assem e celebrassem o sucesso do ano. A anima\u00e7\u00e3o tomou conta do sal\u00e3o gra\u00e7as \u00e0 pot\u00eancia e ao talento dos seis integrantes da banda.<\/p>\n\n\n\n<p><strong>Forma\u00e7\u00e3o Completa para um Show Inesquec\u00edvel:<\/strong><\/p>\n\n\n\n<p>A Sound Rider subiu ao palco com uma forma\u00e7\u00e3o robusta e de alta qualidade: <strong>duas vozes<\/strong>, <strong>guitarra<\/strong>, <strong>baixo<\/strong>, <strong>teclado<\/strong> e <strong>bateria<\/strong>. Essa estrutura garante um som encorpado e fiel aos grandes <em>hits<\/em> do pop e rock.<\/p>\n\n\n\n<p>Mais uma vez, a banda provou ser a escolha ideal para festas corporativas que buscam um show completo, cheio de <em>timing<\/em> e que transforma qualquer evento em uma verdadeira celebra\u00e7\u00e3o.<\/p>\n\n\n\n<figure class=\"wp-block-embed is-type-video is-provider-youtube wp-block-embed-youtube wp-embed-aspect-16-9 wp-has-aspect-ratio\"><div class=\"wp-block-embed__wrapper\">\n<iframe title=\"MPE Hotel Mercure\" width=\"749\" height=\"421\" src=\"https:\/\/www.youtube.com\/embed\/3wqCBeM6eRQ?feature=oembed\" frameborder=\"0\" allow=\"accelerometer; autoplay; clipboard-write; encrypted-media; gyroscope; picture-in-picture; web-share\" referrerpolicy=\"strict-origin-when-cross-origin\" allowfullscreen><\/iframe>\n<\/div><\/figure>\n","protected":false},"excerpt":{"rendered":"<p>A festa de fim de ano dos colaboradores do Hotel Mercure Jardins, em S\u00e3o Paulo, ganhou uma dose extra de energia com a presen\u00e7a da Banda Sound Rider! O evento de confraterniza\u00e7\u00e3o foi embalado por um repert\u00f3rio contagiante de pop rock, garantindo que todos os colaboradores dan\u00e7assem e celebrassem o sucesso do ano. A anima\u00e7\u00e3o [&hellip;]<\/p>\n","protected":false},"author":1,"featured_media":0,"comment_status":"closed","ping_status":"open","sticky":false,"template":"","format":"standard","meta":{"footnotes":""},"categories":[151],"tags":[],"class_list":["post-744","post","type-post","status-publish","format-standard","hentry","category-eventos-realizados"],"yoast_head":"<!-- This site is optimized with the Yoast SEO plugin v27.2 - https:\/\/yoast.com\/product\/yoast-seo-wordpress\/ -->\n<title>Confraterniza\u00e7\u00e3o com Rock: Sound Rider no Hotel Mercure Jardins - MPE M\u00fasicos para Eventos<\/title>\n<meta name=\"robots\" content=\"index, follow, max-snippet:-1, max-image-preview:large, max-video-preview:-1\" \/>\n<link rel=\"canonical\" href=\"https:\/\/musicosparaeventos.com.br\/portal\/2025\/10\/01\/confraternizacao-com-rock-sound-rider-no-hotel-mercure-jardins\/\" \/>\n<meta property=\"og:locale\" content=\"pt_BR\" \/>\n<meta property=\"og:type\" content=\"article\" \/>\n<meta property=\"og:title\" content=\"Confraterniza\u00e7\u00e3o com Rock: Sound Rider no Hotel Mercure Jardins - MPE M\u00fasicos para Eventos\" \/>\n<meta property=\"og:description\" content=\"A festa de fim de ano dos colaboradores do Hotel Mercure Jardins, em S\u00e3o Paulo, ganhou uma dose extra de energia com a presen\u00e7a da Banda Sound Rider! O evento de confraterniza\u00e7\u00e3o foi embalado por um repert\u00f3rio contagiante de pop rock, garantindo que todos os colaboradores dan\u00e7assem e celebrassem o sucesso do ano. A anima\u00e7\u00e3o [&hellip;]\" \/>\n<meta property=\"og:url\" content=\"https:\/\/musicosparaeventos.com.br\/portal\/2025\/10\/01\/confraternizacao-com-rock-sound-rider-no-hotel-mercure-jardins\/\" \/>\n<meta property=\"og:site_name\" content=\"MPE M\u00fasicos para Eventos\" \/>\n<meta property=\"article:published_time\" content=\"2025-10-01T19:14:20+00:00\" \/>\n<meta property=\"article:modified_time\" content=\"2025-10-01T19:14:21+00:00\" \/>\n<meta name=\"author\" content=\"musicos\" \/>\n<meta name=\"twitter:card\" content=\"summary_large_image\" \/>\n<meta name=\"twitter:label1\" content=\"Escrito por\" \/>\n\t<meta name=\"twitter:data1\" content=\"musicos\" \/>\n\t<meta name=\"twitter:label2\" content=\"Est. tempo de leitura\" \/>\n\t<meta name=\"twitter:data2\" content=\"1 minuto\" \/>\n<script type=\"application\/ld+json\" class=\"yoast-schema-graph\">{\"@context\":\"https:\/\/schema.org\",\"@graph\":[{\"@type\":\"Article\",\"@id\":\"https:\/\/musicosparaeventos.com.br\/portal\/2025\/10\/01\/confraternizacao-com-rock-sound-rider-no-hotel-mercure-jardins\/#article\",\"isPartOf\":{\"@id\":\"https:\/\/musicosparaeventos.com.br\/portal\/2025\/10\/01\/confraternizacao-com-rock-sound-rider-no-hotel-mercure-jardins\/\"},\"author\":{\"name\":\"musicos\",\"@id\":\"https:\/\/musicosparaeventos.com.br\/portal\/#\/schema\/person\/0f332f6b91eab03f355fc43073b8effc\"},\"headline\":\"Confraterniza\u00e7\u00e3o com Rock: Sound Rider no Hotel Mercure Jardins\",\"datePublished\":\"2025-10-01T19:14:20+00:00\",\"dateModified\":\"2025-10-01T19:14:21+00:00\",\"mainEntityOfPage\":{\"@id\":\"https:\/\/musicosparaeventos.com.br\/portal\/2025\/10\/01\/confraternizacao-com-rock-sound-rider-no-hotel-mercure-jardins\/\"},\"wordCount\":169,\"publisher\":{\"@id\":\"https:\/\/musicosparaeventos.com.br\/portal\/#organization\"},\"articleSection\":[\"Eventos Realizados\"],\"inLanguage\":\"pt-BR\"},{\"@type\":\"WebPage\",\"@id\":\"https:\/\/musicosparaeventos.com.br\/portal\/2025\/10\/01\/confraternizacao-com-rock-sound-rider-no-hotel-mercure-jardins\/\",\"url\":\"https:\/\/musicosparaeventos.com.br\/portal\/2025\/10\/01\/confraternizacao-com-rock-sound-rider-no-hotel-mercure-jardins\/\",\"name\":\"Confraterniza\u00e7\u00e3o com Rock: Sound Rider no Hotel Mercure Jardins - MPE M\u00fasicos para Eventos\",\"isPartOf\":{\"@id\":\"https:\/\/musicosparaeventos.com.br\/portal\/#website\"},\"datePublished\":\"2025-10-01T19:14:20+00:00\",\"dateModified\":\"2025-10-01T19:14:21+00:00\",\"breadcrumb\":{\"@id\":\"https:\/\/musicosparaeventos.com.br\/portal\/2025\/10\/01\/confraternizacao-com-rock-sound-rider-no-hotel-mercure-jardins\/#breadcrumb\"},\"inLanguage\":\"pt-BR\",\"potentialAction\":[{\"@type\":\"ReadAction\",\"target\":[\"https:\/\/musicosparaeventos.com.br\/portal\/2025\/10\/01\/confraternizacao-com-rock-sound-rider-no-hotel-mercure-jardins\/\"]}]},{\"@type\":\"BreadcrumbList\",\"@id\":\"https:\/\/musicosparaeventos.com.br\/portal\/2025\/10\/01\/confraternizacao-com-rock-sound-rider-no-hotel-mercure-jardins\/#breadcrumb\",\"itemListElement\":[{\"@type\":\"ListItem\",\"position\":1,\"name\":\"In\u00edcio\",\"item\":\"https:\/\/musicosparaeventos.com.br\/portal\/\"},{\"@type\":\"ListItem\",\"position\":2,\"name\":\"Confraterniza\u00e7\u00e3o com Rock: Sound Rider no Hotel Mercure Jardins\"}]},{\"@type\":\"WebSite\",\"@id\":\"https:\/\/musicosparaeventos.com.br\/portal\/#website\",\"url\":\"https:\/\/musicosparaeventos.com.br\/portal\/\",\"name\":\"MPE M\u00fasicos para Eventos\",\"description\":\"MPE M\u00fasicos para Eventos\",\"publisher\":{\"@id\":\"https:\/\/musicosparaeventos.com.br\/portal\/#organization\"},\"potentialAction\":[{\"@type\":\"SearchAction\",\"target\":{\"@type\":\"EntryPoint\",\"urlTemplate\":\"https:\/\/musicosparaeventos.com.br\/portal\/?s={search_term_string}\"},\"query-input\":{\"@type\":\"PropertyValueSpecification\",\"valueRequired\":true,\"valueName\":\"search_term_string\"}}],\"inLanguage\":\"pt-BR\"},{\"@type\":\"Organization\",\"@id\":\"https:\/\/musicosparaeventos.com.br\/portal\/#organization\",\"name\":\"MPE M\u00fasicos para Eventos\",\"url\":\"https:\/\/musicosparaeventos.com.br\/portal\/\",\"logo\":{\"@type\":\"ImageObject\",\"inLanguage\":\"pt-BR\",\"@id\":\"https:\/\/musicosparaeventos.com.br\/portal\/#\/schema\/logo\/image\/\",\"url\":\"https:\/\/musicosparaeventos.com.br\/portal\/wp-content\/uploads\/2025\/08\/cropped-mpe-logo1.png\",\"contentUrl\":\"https:\/\/musicosparaeventos.com.br\/portal\/wp-content\/uploads\/2025\/08\/cropped-mpe-logo1.png\",\"width\":150,\"height\":71,\"caption\":\"MPE M\u00fasicos para Eventos\"},\"image\":{\"@id\":\"https:\/\/musicosparaeventos.com.br\/portal\/#\/schema\/logo\/image\/\"}},{\"@type\":\"Person\",\"@id\":\"https:\/\/musicosparaeventos.com.br\/portal\/#\/schema\/person\/0f332f6b91eab03f355fc43073b8effc\",\"name\":\"musicos\",\"image\":{\"@type\":\"ImageObject\",\"inLanguage\":\"pt-BR\",\"@id\":\"https:\/\/secure.gravatar.com\/avatar\/77c4f2efc455e6b89c26f9525fc6751c434347ca0df1cbcaf8e3e2e67d93e506?s=96&d=mm&r=g\",\"url\":\"https:\/\/secure.gravatar.com\/avatar\/77c4f2efc455e6b89c26f9525fc6751c434347ca0df1cbcaf8e3e2e67d93e506?s=96&d=mm&r=g\",\"contentUrl\":\"https:\/\/secure.gravatar.com\/avatar\/77c4f2efc455e6b89c26f9525fc6751c434347ca0df1cbcaf8e3e2e67d93e506?s=96&d=mm&r=g\",\"caption\":\"musicos\"},\"sameAs\":[\"https:\/\/musicosparaeventos.com.br\/portal\"],\"url\":\"https:\/\/musicosparaeventos.com.br\/portal\/author\/musicos\/\"}]}<\/script>\n<!-- \/ Yoast SEO plugin. -->","yoast_head_json":{"title":"Confraterniza\u00e7\u00e3o com Rock: Sound Rider no Hotel Mercure Jardins - MPE M\u00fasicos para Eventos","robots":{"index":"index","follow":"follow","max-snippet":"max-snippet:-1","max-image-preview":"max-image-preview:large","max-video-preview":"max-video-preview:-1"},"canonical":"https:\/\/musicosparaeventos.com.br\/portal\/2025\/10\/01\/confraternizacao-com-rock-sound-rider-no-hotel-mercure-jardins\/","og_locale":"pt_BR","og_type":"article","og_title":"Confraterniza\u00e7\u00e3o com Rock: Sound Rider no Hotel Mercure Jardins - MPE M\u00fasicos para Eventos","og_description":"A festa de fim de ano dos colaboradores do Hotel Mercure Jardins, em S\u00e3o Paulo, ganhou uma dose extra de energia com a presen\u00e7a da Banda Sound Rider! O evento de confraterniza\u00e7\u00e3o foi embalado por um repert\u00f3rio contagiante de pop rock, garantindo que todos os colaboradores dan\u00e7assem e celebrassem o sucesso do ano. A anima\u00e7\u00e3o [&hellip;]","og_url":"https:\/\/musicosparaeventos.com.br\/portal\/2025\/10\/01\/confraternizacao-com-rock-sound-rider-no-hotel-mercure-jardins\/","og_site_name":"MPE M\u00fasicos para Eventos","article_published_time":"2025-10-01T19:14:20+00:00","article_modified_time":"2025-10-01T19:14:21+00:00","author":"musicos","twitter_card":"summary_large_image","twitter_misc":{"Escrito por":"musicos","Est. tempo de leitura":"1 minuto"},"schema":{"@context":"https:\/\/schema.org","@graph":[{"@type":"Article","@id":"https:\/\/musicosparaeventos.com.br\/portal\/2025\/10\/01\/confraternizacao-com-rock-sound-rider-no-hotel-mercure-jardins\/#article","isPartOf":{"@id":"https:\/\/musicosparaeventos.com.br\/portal\/2025\/10\/01\/confraternizacao-com-rock-sound-rider-no-hotel-mercure-jardins\/"},"author":{"name":"musicos","@id":"https:\/\/musicosparaeventos.com.br\/portal\/#\/schema\/person\/0f332f6b91eab03f355fc43073b8effc"},"headline":"Confraterniza\u00e7\u00e3o com Rock: Sound Rider no Hotel Mercure Jardins","datePublished":"2025-10-01T19:14:20+00:00","dateModified":"2025-10-01T19:14:21+00:00","mainEntityOfPage":{"@id":"https:\/\/musicosparaeventos.com.br\/portal\/2025\/10\/01\/confraternizacao-com-rock-sound-rider-no-hotel-mercure-jardins\/"},"wordCount":169,"publisher":{"@id":"https:\/\/musicosparaeventos.com.br\/portal\/#organization"},"articleSection":["Eventos Realizados"],"inLanguage":"pt-BR"},{"@type":"WebPage","@id":"https:\/\/musicosparaeventos.com.br\/portal\/2025\/10\/01\/confraternizacao-com-rock-sound-rider-no-hotel-mercure-jardins\/","url":"https:\/\/musicosparaeventos.com.br\/portal\/2025\/10\/01\/confraternizacao-com-rock-sound-rider-no-hotel-mercure-jardins\/","name":"Confraterniza\u00e7\u00e3o com Rock: Sound Rider no Hotel Mercure Jardins - MPE M\u00fasicos para Eventos","isPartOf":{"@id":"https:\/\/musicosparaeventos.com.br\/portal\/#website"},"datePublished":"2025-10-01T19:14:20+00:00","dateModified":"2025-10-01T19:14:21+00:00","breadcrumb":{"@id":"https:\/\/musicosparaeventos.com.br\/portal\/2025\/10\/01\/confraternizacao-com-rock-sound-rider-no-hotel-mercure-jardins\/#breadcrumb"},"inLanguage":"pt-BR","potentialAction":[{"@type":"ReadAction","target":["https:\/\/musicosparaeventos.com.br\/portal\/2025\/10\/01\/confraternizacao-com-rock-sound-rider-no-hotel-mercure-jardins\/"]}]},{"@type":"BreadcrumbList","@id":"https:\/\/musicosparaeventos.com.br\/portal\/2025\/10\/01\/confraternizacao-com-rock-sound-rider-no-hotel-mercure-jardins\/#breadcrumb","itemListElement":[{"@type":"ListItem","position":1,"name":"In\u00edcio","item":"https:\/\/musicosparaeventos.com.br\/portal\/"},{"@type":"ListItem","position":2,"name":"Confraterniza\u00e7\u00e3o com Rock: Sound Rider no Hotel Mercure Jardins"}]},{"@type":"WebSite","@id":"https:\/\/musicosparaeventos.com.br\/portal\/#website","url":"https:\/\/musicosparaeventos.com.br\/portal\/","name":"MPE M\u00fasicos para Eventos","description":"MPE M\u00fasicos para Eventos","publisher":{"@id":"https:\/\/musicosparaeventos.com.br\/portal\/#organization"},"potentialAction":[{"@type":"SearchAction","target":{"@type":"EntryPoint","urlTemplate":"https:\/\/musicosparaeventos.com.br\/portal\/?s={search_term_string}"},"query-input":{"@type":"PropertyValueSpecification","valueRequired":true,"valueName":"search_term_string"}}],"inLanguage":"pt-BR"},{"@type":"Organization","@id":"https:\/\/musicosparaeventos.com.br\/portal\/#organization","name":"MPE M\u00fasicos para Eventos","url":"https:\/\/musicosparaeventos.com.br\/portal\/","logo":{"@type":"ImageObject","inLanguage":"pt-BR","@id":"https:\/\/musicosparaeventos.com.br\/portal\/#\/schema\/logo\/image\/","url":"https:\/\/musicosparaeventos.com.br\/portal\/wp-content\/uploads\/2025\/08\/cropped-mpe-logo1.png","contentUrl":"https:\/\/musicosparaeventos.com.br\/portal\/wp-content\/uploads\/2025\/08\/cropped-mpe-logo1.png","width":150,"height":71,"caption":"MPE M\u00fasicos para Eventos"},"image":{"@id":"https:\/\/musicosparaeventos.com.br\/portal\/#\/schema\/logo\/image\/"}},{"@type":"Person","@id":"https:\/\/musicosparaeventos.com.br\/portal\/#\/schema\/person\/0f332f6b91eab03f355fc43073b8effc","name":"musicos","image":{"@type":"ImageObject","inLanguage":"pt-BR","@id":"https:\/\/secure.gravatar.com\/avatar\/77c4f2efc455e6b89c26f9525fc6751c434347ca0df1cbcaf8e3e2e67d93e506?s=96&d=mm&r=g","url":"https:\/\/secure.gravatar.com\/avatar\/77c4f2efc455e6b89c26f9525fc6751c434347ca0df1cbcaf8e3e2e67d93e506?s=96&d=mm&r=g","contentUrl":"https:\/\/secure.gravatar.com\/avatar\/77c4f2efc455e6b89c26f9525fc6751c434347ca0df1cbcaf8e3e2e67d93e506?s=96&d=mm&r=g","caption":"musicos"},"sameAs":["https:\/\/musicosparaeventos.com.br\/portal"],"url":"https:\/\/musicosparaeventos.com.br\/portal\/author\/musicos\/"}]}},"_links":{"self":[{"href":"https:\/\/musicosparaeventos.com.br\/portal\/wp-json\/wp\/v2\/posts\/744","targetHints":{"allow":["GET"]}}],"collection":[{"href":"https:\/\/musicosparaeventos.com.br\/portal\/wp-json\/wp\/v2\/posts"}],"about":[{"href":"https:\/\/musicosparaeventos.com.br\/portal\/wp-json\/wp\/v2\/types\/post"}],"author":[{"embeddable":true,"href":"https:\/\/musicosparaeventos.com.br\/portal\/wp-json\/wp\/v2\/users\/1"}],"replies":[{"embeddable":true,"href":"https:\/\/musicosparaeventos.com.br\/portal\/wp-json\/wp\/v2\/comments?post=744"}],"version-history":[{"count":1,"href":"https:\/\/musicosparaeventos.com.br\/portal\/wp-json\/wp\/v2\/posts\/744\/revisions"}],"predecessor-version":[{"id":745,"href":"https:\/\/musicosparaeventos.com.br\/portal\/wp-json\/wp\/v2\/posts\/744\/revisions\/745"}],"wp:attachment":[{"href":"https:\/\/musicosparaeventos.com.br\/portal\/wp-json\/wp\/v2\/media?parent=744"}],"wp:term":[{"taxonomy":"category","embeddable":true,"href":"https:\/\/musicosparaeventos.com.br\/portal\/wp-json\/wp\/v2\/categories?post=744"},{"taxonomy":"post_tag","embeddable":true,"href":"https:\/\/musicosparaeventos.com.br\/portal\/wp-json\/wp\/v2\/tags?post=744"}],"curies":[{"name":"wp","href":"https:\/\/api.w.org\/{rel}","templated":true}]}}