{"id":734,"date":"2025-10-01T15:10:59","date_gmt":"2025-10-01T18:10:59","guid":{"rendered":"https:\/\/musicosparaeventos.com.br\/portal\/?p=734"},"modified":"2025-10-01T15:11:00","modified_gmt":"2025-10-01T18:11:00","slug":"iluminacao-e-musica-renata-e-vander-na-loja-lustres-yamamura","status":"publish","type":"post","link":"https:\/\/musicosparaeventos.com.br\/portal\/2025\/10\/01\/iluminacao-e-musica-renata-e-vander-na-loja-lustres-yamamura\/","title":{"rendered":"Ilumina\u00e7\u00e3o e M\u00fasica: Renata e Vander na Loja Lustres Yamamura"},"content":{"rendered":"\n<p>Recentemente, a m\u00fasica do duo <strong>Renata e Vander<\/strong> trouxe um brilho especial ao evento realizado na ic\u00f4nica <strong>Lustres Yamamura<\/strong>, no cora\u00e7\u00e3o da Consola\u00e7\u00e3o, em S\u00e3o Paulo.<\/p>\n\n\n\n<p>Em um ambiente que \u00e9 sin\u00f4nimo de design e sofistica\u00e7\u00e3o, a apresenta\u00e7\u00e3o do duo complementou perfeitamente o cen\u00e1rio, mostrando como a m\u00fasica ao vivo \u00e9 essencial para eventos corporativos e lan\u00e7amentos de alto n\u00edvel.<\/p>\n\n\n\n<p>Com <strong>Renata<\/strong> no vocal e <strong>Vander<\/strong> no viol\u00e3o, utilizando os recursos de <strong>pedais de loop e bateria eletr\u00f4nica<\/strong>, o duo entregou um show ac\u00fastico completo e vers\u00e1til. O repert\u00f3rio transitou entre o pop, rock e MPB, criando uma atmosfera agrad\u00e1vel e elegante, ideal para receber clientes e parceiros em uma das lojas de ilumina\u00e7\u00e3o mais renomadas da capital.<\/p>\n\n\n\n<p>A parceria entre a eleg\u00e2ncia da Lustres Yamamura e o som din\u00e2mico de Renata e Vander resultou em um evento inesquec\u00edvel.<\/p>\n\n\n\n<figure class=\"wp-block-embed is-type-video is-provider-youtube wp-block-embed-youtube wp-embed-aspect-4-3 wp-has-aspect-ratio\"><div class=\"wp-block-embed__wrapper\">\n<iframe title=\"Renata e Vander na loja Yamamura\" width=\"749\" height=\"562\" src=\"https:\/\/www.youtube.com\/embed\/ZyRtRc1d7_g?feature=oembed\" frameborder=\"0\" allow=\"accelerometer; autoplay; clipboard-write; encrypted-media; gyroscope; picture-in-picture; web-share\" referrerpolicy=\"strict-origin-when-cross-origin\" allowfullscreen><\/iframe>\n<\/div><\/figure>\n\n\n\n<p>Para Contratar, acesse<\/p>\n\n\n\n<div class=\"wp-block-buttons is-layout-flex wp-block-buttons-is-layout-flex\">\n<div class=\"wp-block-button\"><a class=\"wp-block-button__link has-luminous-vivid-orange-background-color has-background wp-element-button\" href=\"https:\/\/musicosparaeventos.com.br\/portal\/listing\/renata-e-vander-dupla-voz-e-violao\/\">Quero Contratar<\/a><\/div>\n<\/div>\n\n\n\n<p><\/p>\n\n\n\n<p><\/p>\n\n\n\n<p><\/p>\n\n\n\n<p><\/p>\n","protected":false},"excerpt":{"rendered":"<p>Recentemente, a m\u00fasica do duo Renata e Vander trouxe um brilho especial ao evento realizado na ic\u00f4nica Lustres Yamamura, no cora\u00e7\u00e3o da Consola\u00e7\u00e3o, em S\u00e3o Paulo. Em um ambiente que \u00e9 sin\u00f4nimo de design e sofistica\u00e7\u00e3o, a apresenta\u00e7\u00e3o do duo complementou perfeitamente o cen\u00e1rio, mostrando como a m\u00fasica ao vivo \u00e9 essencial para eventos corporativos [&hellip;]<\/p>\n","protected":false},"author":1,"featured_media":736,"comment_status":"closed","ping_status":"open","sticky":false,"template":"","format":"standard","meta":{"footnotes":""},"categories":[151],"tags":[],"class_list":["post-734","post","type-post","status-publish","format-standard","has-post-thumbnail","hentry","category-eventos-realizados"],"yoast_head":"<!-- This site is optimized with the Yoast SEO plugin v27.2 - https:\/\/yoast.com\/product\/yoast-seo-wordpress\/ -->\n<title>Ilumina\u00e7\u00e3o e M\u00fasica: Renata e Vander na Loja Lustres Yamamura - MPE M\u00fasicos para Eventos<\/title>\n<meta name=\"robots\" content=\"index, follow, max-snippet:-1, max-image-preview:large, max-video-preview:-1\" \/>\n<link rel=\"canonical\" href=\"https:\/\/musicosparaeventos.com.br\/portal\/2025\/10\/01\/iluminacao-e-musica-renata-e-vander-na-loja-lustres-yamamura\/\" \/>\n<meta property=\"og:locale\" content=\"pt_BR\" \/>\n<meta property=\"og:type\" content=\"article\" \/>\n<meta property=\"og:title\" content=\"Ilumina\u00e7\u00e3o e M\u00fasica: Renata e Vander na Loja Lustres Yamamura - MPE M\u00fasicos para Eventos\" \/>\n<meta property=\"og:description\" content=\"Recentemente, a m\u00fasica do duo Renata e Vander trouxe um brilho especial ao evento realizado na ic\u00f4nica Lustres Yamamura, no cora\u00e7\u00e3o da Consola\u00e7\u00e3o, em S\u00e3o Paulo. Em um ambiente que \u00e9 sin\u00f4nimo de design e sofistica\u00e7\u00e3o, a apresenta\u00e7\u00e3o do duo complementou perfeitamente o cen\u00e1rio, mostrando como a m\u00fasica ao vivo \u00e9 essencial para eventos corporativos [&hellip;]\" \/>\n<meta property=\"og:url\" content=\"https:\/\/musicosparaeventos.com.br\/portal\/2025\/10\/01\/iluminacao-e-musica-renata-e-vander-na-loja-lustres-yamamura\/\" \/>\n<meta property=\"og:site_name\" content=\"MPE M\u00fasicos para Eventos\" \/>\n<meta property=\"article:published_time\" content=\"2025-10-01T18:10:59+00:00\" \/>\n<meta property=\"article:modified_time\" content=\"2025-10-01T18:11:00+00:00\" \/>\n<meta property=\"og:image\" content=\"https:\/\/musicosparaeventos.com.br\/portal\/wp-content\/uploads\/2025\/10\/renata-e-vander-loja-yamamura.jpg\" \/>\n\t<meta property=\"og:image:width\" content=\"1030\" \/>\n\t<meta property=\"og:image:height\" content=\"1154\" \/>\n\t<meta property=\"og:image:type\" content=\"image\/jpeg\" \/>\n<meta name=\"author\" content=\"musicos\" \/>\n<meta name=\"twitter:card\" content=\"summary_large_image\" \/>\n<meta name=\"twitter:label1\" content=\"Escrito por\" \/>\n\t<meta name=\"twitter:data1\" content=\"musicos\" \/>\n\t<meta name=\"twitter:label2\" content=\"Est. tempo de leitura\" \/>\n\t<meta name=\"twitter:data2\" content=\"2 minutos\" \/>\n<script type=\"application\/ld+json\" class=\"yoast-schema-graph\">{\"@context\":\"https:\/\/schema.org\",\"@graph\":[{\"@type\":\"Article\",\"@id\":\"https:\/\/musicosparaeventos.com.br\/portal\/2025\/10\/01\/iluminacao-e-musica-renata-e-vander-na-loja-lustres-yamamura\/#article\",\"isPartOf\":{\"@id\":\"https:\/\/musicosparaeventos.com.br\/portal\/2025\/10\/01\/iluminacao-e-musica-renata-e-vander-na-loja-lustres-yamamura\/\"},\"author\":{\"name\":\"musicos\",\"@id\":\"https:\/\/musicosparaeventos.com.br\/portal\/#\/schema\/person\/0f332f6b91eab03f355fc43073b8effc\"},\"headline\":\"Ilumina\u00e7\u00e3o e M\u00fasica: Renata e Vander na Loja Lustres Yamamura\",\"datePublished\":\"2025-10-01T18:10:59+00:00\",\"dateModified\":\"2025-10-01T18:11:00+00:00\",\"mainEntityOfPage\":{\"@id\":\"https:\/\/musicosparaeventos.com.br\/portal\/2025\/10\/01\/iluminacao-e-musica-renata-e-vander-na-loja-lustres-yamamura\/\"},\"wordCount\":182,\"publisher\":{\"@id\":\"https:\/\/musicosparaeventos.com.br\/portal\/#organization\"},\"image\":{\"@id\":\"https:\/\/musicosparaeventos.com.br\/portal\/2025\/10\/01\/iluminacao-e-musica-renata-e-vander-na-loja-lustres-yamamura\/#primaryimage\"},\"thumbnailUrl\":\"https:\/\/musicosparaeventos.com.br\/portal\/wp-content\/uploads\/2025\/10\/renata-e-vander-loja-yamamura.jpg\",\"articleSection\":[\"Eventos Realizados\"],\"inLanguage\":\"pt-BR\"},{\"@type\":\"WebPage\",\"@id\":\"https:\/\/musicosparaeventos.com.br\/portal\/2025\/10\/01\/iluminacao-e-musica-renata-e-vander-na-loja-lustres-yamamura\/\",\"url\":\"https:\/\/musicosparaeventos.com.br\/portal\/2025\/10\/01\/iluminacao-e-musica-renata-e-vander-na-loja-lustres-yamamura\/\",\"name\":\"Ilumina\u00e7\u00e3o e M\u00fasica: Renata e Vander na Loja Lustres Yamamura - MPE M\u00fasicos para Eventos\",\"isPartOf\":{\"@id\":\"https:\/\/musicosparaeventos.com.br\/portal\/#website\"},\"primaryImageOfPage\":{\"@id\":\"https:\/\/musicosparaeventos.com.br\/portal\/2025\/10\/01\/iluminacao-e-musica-renata-e-vander-na-loja-lustres-yamamura\/#primaryimage\"},\"image\":{\"@id\":\"https:\/\/musicosparaeventos.com.br\/portal\/2025\/10\/01\/iluminacao-e-musica-renata-e-vander-na-loja-lustres-yamamura\/#primaryimage\"},\"thumbnailUrl\":\"https:\/\/musicosparaeventos.com.br\/portal\/wp-content\/uploads\/2025\/10\/renata-e-vander-loja-yamamura.jpg\",\"datePublished\":\"2025-10-01T18:10:59+00:00\",\"dateModified\":\"2025-10-01T18:11:00+00:00\",\"breadcrumb\":{\"@id\":\"https:\/\/musicosparaeventos.com.br\/portal\/2025\/10\/01\/iluminacao-e-musica-renata-e-vander-na-loja-lustres-yamamura\/#breadcrumb\"},\"inLanguage\":\"pt-BR\",\"potentialAction\":[{\"@type\":\"ReadAction\",\"target\":[\"https:\/\/musicosparaeventos.com.br\/portal\/2025\/10\/01\/iluminacao-e-musica-renata-e-vander-na-loja-lustres-yamamura\/\"]}]},{\"@type\":\"ImageObject\",\"inLanguage\":\"pt-BR\",\"@id\":\"https:\/\/musicosparaeventos.com.br\/portal\/2025\/10\/01\/iluminacao-e-musica-renata-e-vander-na-loja-lustres-yamamura\/#primaryimage\",\"url\":\"https:\/\/musicosparaeventos.com.br\/portal\/wp-content\/uploads\/2025\/10\/renata-e-vander-loja-yamamura.jpg\",\"contentUrl\":\"https:\/\/musicosparaeventos.com.br\/portal\/wp-content\/uploads\/2025\/10\/renata-e-vander-loja-yamamura.jpg\",\"width\":1030,\"height\":1154},{\"@type\":\"BreadcrumbList\",\"@id\":\"https:\/\/musicosparaeventos.com.br\/portal\/2025\/10\/01\/iluminacao-e-musica-renata-e-vander-na-loja-lustres-yamamura\/#breadcrumb\",\"itemListElement\":[{\"@type\":\"ListItem\",\"position\":1,\"name\":\"In\u00edcio\",\"item\":\"https:\/\/musicosparaeventos.com.br\/portal\/\"},{\"@type\":\"ListItem\",\"position\":2,\"name\":\"Ilumina\u00e7\u00e3o e M\u00fasica: Renata e Vander na Loja Lustres Yamamura\"}]},{\"@type\":\"WebSite\",\"@id\":\"https:\/\/musicosparaeventos.com.br\/portal\/#website\",\"url\":\"https:\/\/musicosparaeventos.com.br\/portal\/\",\"name\":\"MPE M\u00fasicos para Eventos\",\"description\":\"MPE M\u00fasicos para Eventos\",\"publisher\":{\"@id\":\"https:\/\/musicosparaeventos.com.br\/portal\/#organization\"},\"potentialAction\":[{\"@type\":\"SearchAction\",\"target\":{\"@type\":\"EntryPoint\",\"urlTemplate\":\"https:\/\/musicosparaeventos.com.br\/portal\/?s={search_term_string}\"},\"query-input\":{\"@type\":\"PropertyValueSpecification\",\"valueRequired\":true,\"valueName\":\"search_term_string\"}}],\"inLanguage\":\"pt-BR\"},{\"@type\":\"Organization\",\"@id\":\"https:\/\/musicosparaeventos.com.br\/portal\/#organization\",\"name\":\"MPE M\u00fasicos para Eventos\",\"url\":\"https:\/\/musicosparaeventos.com.br\/portal\/\",\"logo\":{\"@type\":\"ImageObject\",\"inLanguage\":\"pt-BR\",\"@id\":\"https:\/\/musicosparaeventos.com.br\/portal\/#\/schema\/logo\/image\/\",\"url\":\"https:\/\/musicosparaeventos.com.br\/portal\/wp-content\/uploads\/2025\/08\/cropped-mpe-logo1.png\",\"contentUrl\":\"https:\/\/musicosparaeventos.com.br\/portal\/wp-content\/uploads\/2025\/08\/cropped-mpe-logo1.png\",\"width\":150,\"height\":71,\"caption\":\"MPE M\u00fasicos para Eventos\"},\"image\":{\"@id\":\"https:\/\/musicosparaeventos.com.br\/portal\/#\/schema\/logo\/image\/\"}},{\"@type\":\"Person\",\"@id\":\"https:\/\/musicosparaeventos.com.br\/portal\/#\/schema\/person\/0f332f6b91eab03f355fc43073b8effc\",\"name\":\"musicos\",\"image\":{\"@type\":\"ImageObject\",\"inLanguage\":\"pt-BR\",\"@id\":\"https:\/\/secure.gravatar.com\/avatar\/77c4f2efc455e6b89c26f9525fc6751c434347ca0df1cbcaf8e3e2e67d93e506?s=96&d=mm&r=g\",\"url\":\"https:\/\/secure.gravatar.com\/avatar\/77c4f2efc455e6b89c26f9525fc6751c434347ca0df1cbcaf8e3e2e67d93e506?s=96&d=mm&r=g\",\"contentUrl\":\"https:\/\/secure.gravatar.com\/avatar\/77c4f2efc455e6b89c26f9525fc6751c434347ca0df1cbcaf8e3e2e67d93e506?s=96&d=mm&r=g\",\"caption\":\"musicos\"},\"sameAs\":[\"https:\/\/musicosparaeventos.com.br\/portal\"],\"url\":\"https:\/\/musicosparaeventos.com.br\/portal\/author\/musicos\/\"}]}<\/script>\n<!-- \/ Yoast SEO plugin. -->","yoast_head_json":{"title":"Ilumina\u00e7\u00e3o e M\u00fasica: Renata e Vander na Loja Lustres Yamamura - MPE M\u00fasicos para Eventos","robots":{"index":"index","follow":"follow","max-snippet":"max-snippet:-1","max-image-preview":"max-image-preview:large","max-video-preview":"max-video-preview:-1"},"canonical":"https:\/\/musicosparaeventos.com.br\/portal\/2025\/10\/01\/iluminacao-e-musica-renata-e-vander-na-loja-lustres-yamamura\/","og_locale":"pt_BR","og_type":"article","og_title":"Ilumina\u00e7\u00e3o e M\u00fasica: Renata e Vander na Loja Lustres Yamamura - MPE M\u00fasicos para Eventos","og_description":"Recentemente, a m\u00fasica do duo Renata e Vander trouxe um brilho especial ao evento realizado na ic\u00f4nica Lustres Yamamura, no cora\u00e7\u00e3o da Consola\u00e7\u00e3o, em S\u00e3o Paulo. Em um ambiente que \u00e9 sin\u00f4nimo de design e sofistica\u00e7\u00e3o, a apresenta\u00e7\u00e3o do duo complementou perfeitamente o cen\u00e1rio, mostrando como a m\u00fasica ao vivo \u00e9 essencial para eventos corporativos [&hellip;]","og_url":"https:\/\/musicosparaeventos.com.br\/portal\/2025\/10\/01\/iluminacao-e-musica-renata-e-vander-na-loja-lustres-yamamura\/","og_site_name":"MPE M\u00fasicos para Eventos","article_published_time":"2025-10-01T18:10:59+00:00","article_modified_time":"2025-10-01T18:11:00+00:00","og_image":[{"width":1030,"height":1154,"url":"https:\/\/musicosparaeventos.com.br\/portal\/wp-content\/uploads\/2025\/10\/renata-e-vander-loja-yamamura.jpg","type":"image\/jpeg"}],"author":"musicos","twitter_card":"summary_large_image","twitter_misc":{"Escrito por":"musicos","Est. tempo de leitura":"2 minutos"},"schema":{"@context":"https:\/\/schema.org","@graph":[{"@type":"Article","@id":"https:\/\/musicosparaeventos.com.br\/portal\/2025\/10\/01\/iluminacao-e-musica-renata-e-vander-na-loja-lustres-yamamura\/#article","isPartOf":{"@id":"https:\/\/musicosparaeventos.com.br\/portal\/2025\/10\/01\/iluminacao-e-musica-renata-e-vander-na-loja-lustres-yamamura\/"},"author":{"name":"musicos","@id":"https:\/\/musicosparaeventos.com.br\/portal\/#\/schema\/person\/0f332f6b91eab03f355fc43073b8effc"},"headline":"Ilumina\u00e7\u00e3o e M\u00fasica: Renata e Vander na Loja Lustres Yamamura","datePublished":"2025-10-01T18:10:59+00:00","dateModified":"2025-10-01T18:11:00+00:00","mainEntityOfPage":{"@id":"https:\/\/musicosparaeventos.com.br\/portal\/2025\/10\/01\/iluminacao-e-musica-renata-e-vander-na-loja-lustres-yamamura\/"},"wordCount":182,"publisher":{"@id":"https:\/\/musicosparaeventos.com.br\/portal\/#organization"},"image":{"@id":"https:\/\/musicosparaeventos.com.br\/portal\/2025\/10\/01\/iluminacao-e-musica-renata-e-vander-na-loja-lustres-yamamura\/#primaryimage"},"thumbnailUrl":"https:\/\/musicosparaeventos.com.br\/portal\/wp-content\/uploads\/2025\/10\/renata-e-vander-loja-yamamura.jpg","articleSection":["Eventos Realizados"],"inLanguage":"pt-BR"},{"@type":"WebPage","@id":"https:\/\/musicosparaeventos.com.br\/portal\/2025\/10\/01\/iluminacao-e-musica-renata-e-vander-na-loja-lustres-yamamura\/","url":"https:\/\/musicosparaeventos.com.br\/portal\/2025\/10\/01\/iluminacao-e-musica-renata-e-vander-na-loja-lustres-yamamura\/","name":"Ilumina\u00e7\u00e3o e M\u00fasica: Renata e Vander na Loja Lustres Yamamura - MPE M\u00fasicos para Eventos","isPartOf":{"@id":"https:\/\/musicosparaeventos.com.br\/portal\/#website"},"primaryImageOfPage":{"@id":"https:\/\/musicosparaeventos.com.br\/portal\/2025\/10\/01\/iluminacao-e-musica-renata-e-vander-na-loja-lustres-yamamura\/#primaryimage"},"image":{"@id":"https:\/\/musicosparaeventos.com.br\/portal\/2025\/10\/01\/iluminacao-e-musica-renata-e-vander-na-loja-lustres-yamamura\/#primaryimage"},"thumbnailUrl":"https:\/\/musicosparaeventos.com.br\/portal\/wp-content\/uploads\/2025\/10\/renata-e-vander-loja-yamamura.jpg","datePublished":"2025-10-01T18:10:59+00:00","dateModified":"2025-10-01T18:11:00+00:00","breadcrumb":{"@id":"https:\/\/musicosparaeventos.com.br\/portal\/2025\/10\/01\/iluminacao-e-musica-renata-e-vander-na-loja-lustres-yamamura\/#breadcrumb"},"inLanguage":"pt-BR","potentialAction":[{"@type":"ReadAction","target":["https:\/\/musicosparaeventos.com.br\/portal\/2025\/10\/01\/iluminacao-e-musica-renata-e-vander-na-loja-lustres-yamamura\/"]}]},{"@type":"ImageObject","inLanguage":"pt-BR","@id":"https:\/\/musicosparaeventos.com.br\/portal\/2025\/10\/01\/iluminacao-e-musica-renata-e-vander-na-loja-lustres-yamamura\/#primaryimage","url":"https:\/\/musicosparaeventos.com.br\/portal\/wp-content\/uploads\/2025\/10\/renata-e-vander-loja-yamamura.jpg","contentUrl":"https:\/\/musicosparaeventos.com.br\/portal\/wp-content\/uploads\/2025\/10\/renata-e-vander-loja-yamamura.jpg","width":1030,"height":1154},{"@type":"BreadcrumbList","@id":"https:\/\/musicosparaeventos.com.br\/portal\/2025\/10\/01\/iluminacao-e-musica-renata-e-vander-na-loja-lustres-yamamura\/#breadcrumb","itemListElement":[{"@type":"ListItem","position":1,"name":"In\u00edcio","item":"https:\/\/musicosparaeventos.com.br\/portal\/"},{"@type":"ListItem","position":2,"name":"Ilumina\u00e7\u00e3o e M\u00fasica: Renata e Vander na Loja Lustres Yamamura"}]},{"@type":"WebSite","@id":"https:\/\/musicosparaeventos.com.br\/portal\/#website","url":"https:\/\/musicosparaeventos.com.br\/portal\/","name":"MPE M\u00fasicos para Eventos","description":"MPE M\u00fasicos para Eventos","publisher":{"@id":"https:\/\/musicosparaeventos.com.br\/portal\/#organization"},"potentialAction":[{"@type":"SearchAction","target":{"@type":"EntryPoint","urlTemplate":"https:\/\/musicosparaeventos.com.br\/portal\/?s={search_term_string}"},"query-input":{"@type":"PropertyValueSpecification","valueRequired":true,"valueName":"search_term_string"}}],"inLanguage":"pt-BR"},{"@type":"Organization","@id":"https:\/\/musicosparaeventos.com.br\/portal\/#organization","name":"MPE M\u00fasicos para Eventos","url":"https:\/\/musicosparaeventos.com.br\/portal\/","logo":{"@type":"ImageObject","inLanguage":"pt-BR","@id":"https:\/\/musicosparaeventos.com.br\/portal\/#\/schema\/logo\/image\/","url":"https:\/\/musicosparaeventos.com.br\/portal\/wp-content\/uploads\/2025\/08\/cropped-mpe-logo1.png","contentUrl":"https:\/\/musicosparaeventos.com.br\/portal\/wp-content\/uploads\/2025\/08\/cropped-mpe-logo1.png","width":150,"height":71,"caption":"MPE M\u00fasicos para Eventos"},"image":{"@id":"https:\/\/musicosparaeventos.com.br\/portal\/#\/schema\/logo\/image\/"}},{"@type":"Person","@id":"https:\/\/musicosparaeventos.com.br\/portal\/#\/schema\/person\/0f332f6b91eab03f355fc43073b8effc","name":"musicos","image":{"@type":"ImageObject","inLanguage":"pt-BR","@id":"https:\/\/secure.gravatar.com\/avatar\/77c4f2efc455e6b89c26f9525fc6751c434347ca0df1cbcaf8e3e2e67d93e506?s=96&d=mm&r=g","url":"https:\/\/secure.gravatar.com\/avatar\/77c4f2efc455e6b89c26f9525fc6751c434347ca0df1cbcaf8e3e2e67d93e506?s=96&d=mm&r=g","contentUrl":"https:\/\/secure.gravatar.com\/avatar\/77c4f2efc455e6b89c26f9525fc6751c434347ca0df1cbcaf8e3e2e67d93e506?s=96&d=mm&r=g","caption":"musicos"},"sameAs":["https:\/\/musicosparaeventos.com.br\/portal"],"url":"https:\/\/musicosparaeventos.com.br\/portal\/author\/musicos\/"}]}},"_links":{"self":[{"href":"https:\/\/musicosparaeventos.com.br\/portal\/wp-json\/wp\/v2\/posts\/734","targetHints":{"allow":["GET"]}}],"collection":[{"href":"https:\/\/musicosparaeventos.com.br\/portal\/wp-json\/wp\/v2\/posts"}],"about":[{"href":"https:\/\/musicosparaeventos.com.br\/portal\/wp-json\/wp\/v2\/types\/post"}],"author":[{"embeddable":true,"href":"https:\/\/musicosparaeventos.com.br\/portal\/wp-json\/wp\/v2\/users\/1"}],"replies":[{"embeddable":true,"href":"https:\/\/musicosparaeventos.com.br\/portal\/wp-json\/wp\/v2\/comments?post=734"}],"version-history":[{"count":1,"href":"https:\/\/musicosparaeventos.com.br\/portal\/wp-json\/wp\/v2\/posts\/734\/revisions"}],"predecessor-version":[{"id":735,"href":"https:\/\/musicosparaeventos.com.br\/portal\/wp-json\/wp\/v2\/posts\/734\/revisions\/735"}],"wp:featuredmedia":[{"embeddable":true,"href":"https:\/\/musicosparaeventos.com.br\/portal\/wp-json\/wp\/v2\/media\/736"}],"wp:attachment":[{"href":"https:\/\/musicosparaeventos.com.br\/portal\/wp-json\/wp\/v2\/media?parent=734"}],"wp:term":[{"taxonomy":"category","embeddable":true,"href":"https:\/\/musicosparaeventos.com.br\/portal\/wp-json\/wp\/v2\/categories?post=734"},{"taxonomy":"post_tag","embeddable":true,"href":"https:\/\/musicosparaeventos.com.br\/portal\/wp-json\/wp\/v2\/tags?post=734"}],"curies":[{"name":"wp","href":"https:\/\/api.w.org\/{rel}","templated":true}]}}