{"id":730,"date":"2025-10-01T14:30:28","date_gmt":"2025-10-01T17:30:28","guid":{"rendered":"https:\/\/musicosparaeventos.com.br\/portal\/?p=730"},"modified":"2025-10-01T14:30:29","modified_gmt":"2025-10-01T17:30:29","slug":"duo-renata-e-vander-pop-rock-e-mpb-na-confraternizacao-da-digital-republic","status":"publish","type":"post","link":"https:\/\/musicosparaeventos.com.br\/portal\/2025\/10\/01\/duo-renata-e-vander-pop-rock-e-mpb-na-confraternizacao-da-digital-republic\/","title":{"rendered":"Duo Renata e Vander: Pop, Rock e MPB na Confraterniza\u00e7\u00e3o da Digital Republic"},"content":{"rendered":"\n<p>A <strong>Digital Republic<\/strong> garantiu o toque musical perfeito para sua festa de confraterniza\u00e7\u00e3o com a vibrante apresenta\u00e7\u00e3o do duo <strong>Renata e Vander<\/strong>. Combinando talento e tecnologia, eles elevaram o n\u00edvel do evento com um repert\u00f3rio variado e envolvente.<\/p>\n\n\n\n<p>A cantora <strong>Renata<\/strong> e o violonista <strong>Vander<\/strong> trouxeram o melhor do <strong>pop, rock e MPB<\/strong>, adaptando o clima musical \u00e0 energia da celebra\u00e7\u00e3o.<\/p>\n\n\n\n<p>O que torna a performance de Renata e Vander ainda mais completa \u00e9 o uso inteligente de recursos tecnol\u00f3gicos. Eles utilizam <strong>pedais de loop e bateria eletr\u00f4nica<\/strong>, criando <em>beats<\/em> e camadas musicais que simulam uma banda completa. O resultado \u00e9 um som din\u00e2mico, rico e que mant\u00e9m a festa sempre animada.<\/p>\n\n\n\n<p>Foi uma noite inesquec\u00edvel de m\u00fasica e confraterniza\u00e7\u00e3o, provando que o duo \u00e9 a escolha ideal para eventos corporativos que buscam qualidade e entretenimento.<\/p>\n\n\n\n<figure class=\"wp-block-embed is-type-video is-provider-youtube wp-block-embed-youtube wp-embed-aspect-16-9 wp-has-aspect-ratio\"><div class=\"wp-block-embed__wrapper\">\n<iframe title=\"MPE M\u00fasicos para Eventos - Renata e Vander na Digital Republic\" width=\"749\" height=\"421\" src=\"https:\/\/www.youtube.com\/embed\/17iZwfjpl8c?feature=oembed\" frameborder=\"0\" allow=\"accelerometer; autoplay; clipboard-write; encrypted-media; gyroscope; picture-in-picture; web-share\" referrerpolicy=\"strict-origin-when-cross-origin\" allowfullscreen><\/iframe>\n<\/div><\/figure>\n\n\n\n<p><\/p>\n\n\n\n<p>Para contratar, acesse<\/p>\n\n\n\n<div class=\"wp-block-buttons is-layout-flex wp-block-buttons-is-layout-flex\">\n<div class=\"wp-block-button\"><a class=\"wp-block-button__link wp-element-button\" href=\"https:\/\/musicosparaeventos.com.br\/portal\/listing\/renata-e-vander-dupla-voz-e-violao\/\">SABER MAIS<\/a><\/div>\n<\/div>\n\n\n\n<p><\/p>\n\n\n\n<p><\/p>\n","protected":false},"excerpt":{"rendered":"<p>A Digital Republic garantiu o toque musical perfeito para sua festa de confraterniza\u00e7\u00e3o com a vibrante apresenta\u00e7\u00e3o do duo Renata e Vander. Combinando talento e tecnologia, eles elevaram o n\u00edvel do evento com um repert\u00f3rio variado e envolvente. A cantora Renata e o violonista Vander trouxeram o melhor do pop, rock e MPB, adaptando o [&hellip;]<\/p>\n","protected":false},"author":1,"featured_media":731,"comment_status":"closed","ping_status":"open","sticky":false,"template":"","format":"standard","meta":{"footnotes":""},"categories":[151],"tags":[],"class_list":["post-730","post","type-post","status-publish","format-standard","has-post-thumbnail","hentry","category-eventos-realizados"],"yoast_head":"<!-- This site is optimized with the Yoast SEO plugin v27.2 - https:\/\/yoast.com\/product\/yoast-seo-wordpress\/ -->\n<title>Duo Renata e Vander: Pop, Rock e MPB na Confraterniza\u00e7\u00e3o da Digital Republic - MPE M\u00fasicos para Eventos<\/title>\n<meta name=\"robots\" content=\"index, follow, max-snippet:-1, max-image-preview:large, max-video-preview:-1\" \/>\n<link rel=\"canonical\" href=\"https:\/\/musicosparaeventos.com.br\/portal\/2025\/10\/01\/duo-renata-e-vander-pop-rock-e-mpb-na-confraternizacao-da-digital-republic\/\" \/>\n<meta property=\"og:locale\" content=\"pt_BR\" \/>\n<meta property=\"og:type\" content=\"article\" \/>\n<meta property=\"og:title\" content=\"Duo Renata e Vander: Pop, Rock e MPB na Confraterniza\u00e7\u00e3o da Digital Republic - MPE M\u00fasicos para Eventos\" \/>\n<meta property=\"og:description\" content=\"A Digital Republic garantiu o toque musical perfeito para sua festa de confraterniza\u00e7\u00e3o com a vibrante apresenta\u00e7\u00e3o do duo Renata e Vander. Combinando talento e tecnologia, eles elevaram o n\u00edvel do evento com um repert\u00f3rio variado e envolvente. A cantora Renata e o violonista Vander trouxeram o melhor do pop, rock e MPB, adaptando o [&hellip;]\" \/>\n<meta property=\"og:url\" content=\"https:\/\/musicosparaeventos.com.br\/portal\/2025\/10\/01\/duo-renata-e-vander-pop-rock-e-mpb-na-confraternizacao-da-digital-republic\/\" \/>\n<meta property=\"og:site_name\" content=\"MPE M\u00fasicos para Eventos\" \/>\n<meta property=\"article:published_time\" content=\"2025-10-01T17:30:28+00:00\" \/>\n<meta property=\"article:modified_time\" content=\"2025-10-01T17:30:29+00:00\" \/>\n<meta property=\"og:image\" content=\"https:\/\/musicosparaeventos.com.br\/portal\/wp-content\/uploads\/2025\/10\/mpe-musicos-para-eventos.jpeg\" \/>\n\t<meta property=\"og:image:width\" content=\"900\" \/>\n\t<meta property=\"og:image:height\" content=\"976\" \/>\n\t<meta property=\"og:image:type\" content=\"image\/jpeg\" \/>\n<meta name=\"author\" content=\"musicos\" \/>\n<meta name=\"twitter:card\" content=\"summary_large_image\" \/>\n<meta name=\"twitter:label1\" content=\"Escrito por\" \/>\n\t<meta name=\"twitter:data1\" content=\"musicos\" \/>\n\t<meta name=\"twitter:label2\" content=\"Est. tempo de leitura\" \/>\n\t<meta name=\"twitter:data2\" content=\"1 minuto\" \/>\n<script type=\"application\/ld+json\" class=\"yoast-schema-graph\">{\"@context\":\"https:\/\/schema.org\",\"@graph\":[{\"@type\":\"Article\",\"@id\":\"https:\/\/musicosparaeventos.com.br\/portal\/2025\/10\/01\/duo-renata-e-vander-pop-rock-e-mpb-na-confraternizacao-da-digital-republic\/#article\",\"isPartOf\":{\"@id\":\"https:\/\/musicosparaeventos.com.br\/portal\/2025\/10\/01\/duo-renata-e-vander-pop-rock-e-mpb-na-confraternizacao-da-digital-republic\/\"},\"author\":{\"name\":\"musicos\",\"@id\":\"https:\/\/musicosparaeventos.com.br\/portal\/#\/schema\/person\/0f332f6b91eab03f355fc43073b8effc\"},\"headline\":\"Duo Renata e Vander: Pop, Rock e MPB na Confraterniza\u00e7\u00e3o da Digital Republic\",\"datePublished\":\"2025-10-01T17:30:28+00:00\",\"dateModified\":\"2025-10-01T17:30:29+00:00\",\"mainEntityOfPage\":{\"@id\":\"https:\/\/musicosparaeventos.com.br\/portal\/2025\/10\/01\/duo-renata-e-vander-pop-rock-e-mpb-na-confraternizacao-da-digital-republic\/\"},\"wordCount\":168,\"publisher\":{\"@id\":\"https:\/\/musicosparaeventos.com.br\/portal\/#organization\"},\"image\":{\"@id\":\"https:\/\/musicosparaeventos.com.br\/portal\/2025\/10\/01\/duo-renata-e-vander-pop-rock-e-mpb-na-confraternizacao-da-digital-republic\/#primaryimage\"},\"thumbnailUrl\":\"https:\/\/musicosparaeventos.com.br\/portal\/wp-content\/uploads\/2025\/10\/mpe-musicos-para-eventos.jpeg\",\"articleSection\":[\"Eventos Realizados\"],\"inLanguage\":\"pt-BR\"},{\"@type\":\"WebPage\",\"@id\":\"https:\/\/musicosparaeventos.com.br\/portal\/2025\/10\/01\/duo-renata-e-vander-pop-rock-e-mpb-na-confraternizacao-da-digital-republic\/\",\"url\":\"https:\/\/musicosparaeventos.com.br\/portal\/2025\/10\/01\/duo-renata-e-vander-pop-rock-e-mpb-na-confraternizacao-da-digital-republic\/\",\"name\":\"Duo Renata e Vander: Pop, Rock e MPB na Confraterniza\u00e7\u00e3o da Digital Republic - MPE M\u00fasicos para Eventos\",\"isPartOf\":{\"@id\":\"https:\/\/musicosparaeventos.com.br\/portal\/#website\"},\"primaryImageOfPage\":{\"@id\":\"https:\/\/musicosparaeventos.com.br\/portal\/2025\/10\/01\/duo-renata-e-vander-pop-rock-e-mpb-na-confraternizacao-da-digital-republic\/#primaryimage\"},\"image\":{\"@id\":\"https:\/\/musicosparaeventos.com.br\/portal\/2025\/10\/01\/duo-renata-e-vander-pop-rock-e-mpb-na-confraternizacao-da-digital-republic\/#primaryimage\"},\"thumbnailUrl\":\"https:\/\/musicosparaeventos.com.br\/portal\/wp-content\/uploads\/2025\/10\/mpe-musicos-para-eventos.jpeg\",\"datePublished\":\"2025-10-01T17:30:28+00:00\",\"dateModified\":\"2025-10-01T17:30:29+00:00\",\"breadcrumb\":{\"@id\":\"https:\/\/musicosparaeventos.com.br\/portal\/2025\/10\/01\/duo-renata-e-vander-pop-rock-e-mpb-na-confraternizacao-da-digital-republic\/#breadcrumb\"},\"inLanguage\":\"pt-BR\",\"potentialAction\":[{\"@type\":\"ReadAction\",\"target\":[\"https:\/\/musicosparaeventos.com.br\/portal\/2025\/10\/01\/duo-renata-e-vander-pop-rock-e-mpb-na-confraternizacao-da-digital-republic\/\"]}]},{\"@type\":\"ImageObject\",\"inLanguage\":\"pt-BR\",\"@id\":\"https:\/\/musicosparaeventos.com.br\/portal\/2025\/10\/01\/duo-renata-e-vander-pop-rock-e-mpb-na-confraternizacao-da-digital-republic\/#primaryimage\",\"url\":\"https:\/\/musicosparaeventos.com.br\/portal\/wp-content\/uploads\/2025\/10\/mpe-musicos-para-eventos.jpeg\",\"contentUrl\":\"https:\/\/musicosparaeventos.com.br\/portal\/wp-content\/uploads\/2025\/10\/mpe-musicos-para-eventos.jpeg\",\"width\":900,\"height\":976},{\"@type\":\"BreadcrumbList\",\"@id\":\"https:\/\/musicosparaeventos.com.br\/portal\/2025\/10\/01\/duo-renata-e-vander-pop-rock-e-mpb-na-confraternizacao-da-digital-republic\/#breadcrumb\",\"itemListElement\":[{\"@type\":\"ListItem\",\"position\":1,\"name\":\"In\u00edcio\",\"item\":\"https:\/\/musicosparaeventos.com.br\/portal\/\"},{\"@type\":\"ListItem\",\"position\":2,\"name\":\"Duo Renata e Vander: Pop, Rock e MPB na Confraterniza\u00e7\u00e3o da Digital Republic\"}]},{\"@type\":\"WebSite\",\"@id\":\"https:\/\/musicosparaeventos.com.br\/portal\/#website\",\"url\":\"https:\/\/musicosparaeventos.com.br\/portal\/\",\"name\":\"MPE M\u00fasicos para Eventos\",\"description\":\"MPE M\u00fasicos para Eventos\",\"publisher\":{\"@id\":\"https:\/\/musicosparaeventos.com.br\/portal\/#organization\"},\"potentialAction\":[{\"@type\":\"SearchAction\",\"target\":{\"@type\":\"EntryPoint\",\"urlTemplate\":\"https:\/\/musicosparaeventos.com.br\/portal\/?s={search_term_string}\"},\"query-input\":{\"@type\":\"PropertyValueSpecification\",\"valueRequired\":true,\"valueName\":\"search_term_string\"}}],\"inLanguage\":\"pt-BR\"},{\"@type\":\"Organization\",\"@id\":\"https:\/\/musicosparaeventos.com.br\/portal\/#organization\",\"name\":\"MPE M\u00fasicos para Eventos\",\"url\":\"https:\/\/musicosparaeventos.com.br\/portal\/\",\"logo\":{\"@type\":\"ImageObject\",\"inLanguage\":\"pt-BR\",\"@id\":\"https:\/\/musicosparaeventos.com.br\/portal\/#\/schema\/logo\/image\/\",\"url\":\"https:\/\/musicosparaeventos.com.br\/portal\/wp-content\/uploads\/2025\/08\/cropped-mpe-logo1.png\",\"contentUrl\":\"https:\/\/musicosparaeventos.com.br\/portal\/wp-content\/uploads\/2025\/08\/cropped-mpe-logo1.png\",\"width\":150,\"height\":71,\"caption\":\"MPE M\u00fasicos para Eventos\"},\"image\":{\"@id\":\"https:\/\/musicosparaeventos.com.br\/portal\/#\/schema\/logo\/image\/\"}},{\"@type\":\"Person\",\"@id\":\"https:\/\/musicosparaeventos.com.br\/portal\/#\/schema\/person\/0f332f6b91eab03f355fc43073b8effc\",\"name\":\"musicos\",\"image\":{\"@type\":\"ImageObject\",\"inLanguage\":\"pt-BR\",\"@id\":\"https:\/\/secure.gravatar.com\/avatar\/77c4f2efc455e6b89c26f9525fc6751c434347ca0df1cbcaf8e3e2e67d93e506?s=96&d=mm&r=g\",\"url\":\"https:\/\/secure.gravatar.com\/avatar\/77c4f2efc455e6b89c26f9525fc6751c434347ca0df1cbcaf8e3e2e67d93e506?s=96&d=mm&r=g\",\"contentUrl\":\"https:\/\/secure.gravatar.com\/avatar\/77c4f2efc455e6b89c26f9525fc6751c434347ca0df1cbcaf8e3e2e67d93e506?s=96&d=mm&r=g\",\"caption\":\"musicos\"},\"sameAs\":[\"https:\/\/musicosparaeventos.com.br\/portal\"],\"url\":\"https:\/\/musicosparaeventos.com.br\/portal\/author\/musicos\/\"}]}<\/script>\n<!-- \/ Yoast SEO plugin. -->","yoast_head_json":{"title":"Duo Renata e Vander: Pop, Rock e MPB na Confraterniza\u00e7\u00e3o da Digital Republic - MPE M\u00fasicos para Eventos","robots":{"index":"index","follow":"follow","max-snippet":"max-snippet:-1","max-image-preview":"max-image-preview:large","max-video-preview":"max-video-preview:-1"},"canonical":"https:\/\/musicosparaeventos.com.br\/portal\/2025\/10\/01\/duo-renata-e-vander-pop-rock-e-mpb-na-confraternizacao-da-digital-republic\/","og_locale":"pt_BR","og_type":"article","og_title":"Duo Renata e Vander: Pop, Rock e MPB na Confraterniza\u00e7\u00e3o da Digital Republic - MPE M\u00fasicos para Eventos","og_description":"A Digital Republic garantiu o toque musical perfeito para sua festa de confraterniza\u00e7\u00e3o com a vibrante apresenta\u00e7\u00e3o do duo Renata e Vander. Combinando talento e tecnologia, eles elevaram o n\u00edvel do evento com um repert\u00f3rio variado e envolvente. A cantora Renata e o violonista Vander trouxeram o melhor do pop, rock e MPB, adaptando o [&hellip;]","og_url":"https:\/\/musicosparaeventos.com.br\/portal\/2025\/10\/01\/duo-renata-e-vander-pop-rock-e-mpb-na-confraternizacao-da-digital-republic\/","og_site_name":"MPE M\u00fasicos para Eventos","article_published_time":"2025-10-01T17:30:28+00:00","article_modified_time":"2025-10-01T17:30:29+00:00","og_image":[{"width":900,"height":976,"url":"https:\/\/musicosparaeventos.com.br\/portal\/wp-content\/uploads\/2025\/10\/mpe-musicos-para-eventos.jpeg","type":"image\/jpeg"}],"author":"musicos","twitter_card":"summary_large_image","twitter_misc":{"Escrito por":"musicos","Est. tempo de leitura":"1 minuto"},"schema":{"@context":"https:\/\/schema.org","@graph":[{"@type":"Article","@id":"https:\/\/musicosparaeventos.com.br\/portal\/2025\/10\/01\/duo-renata-e-vander-pop-rock-e-mpb-na-confraternizacao-da-digital-republic\/#article","isPartOf":{"@id":"https:\/\/musicosparaeventos.com.br\/portal\/2025\/10\/01\/duo-renata-e-vander-pop-rock-e-mpb-na-confraternizacao-da-digital-republic\/"},"author":{"name":"musicos","@id":"https:\/\/musicosparaeventos.com.br\/portal\/#\/schema\/person\/0f332f6b91eab03f355fc43073b8effc"},"headline":"Duo Renata e Vander: Pop, Rock e MPB na Confraterniza\u00e7\u00e3o da Digital Republic","datePublished":"2025-10-01T17:30:28+00:00","dateModified":"2025-10-01T17:30:29+00:00","mainEntityOfPage":{"@id":"https:\/\/musicosparaeventos.com.br\/portal\/2025\/10\/01\/duo-renata-e-vander-pop-rock-e-mpb-na-confraternizacao-da-digital-republic\/"},"wordCount":168,"publisher":{"@id":"https:\/\/musicosparaeventos.com.br\/portal\/#organization"},"image":{"@id":"https:\/\/musicosparaeventos.com.br\/portal\/2025\/10\/01\/duo-renata-e-vander-pop-rock-e-mpb-na-confraternizacao-da-digital-republic\/#primaryimage"},"thumbnailUrl":"https:\/\/musicosparaeventos.com.br\/portal\/wp-content\/uploads\/2025\/10\/mpe-musicos-para-eventos.jpeg","articleSection":["Eventos Realizados"],"inLanguage":"pt-BR"},{"@type":"WebPage","@id":"https:\/\/musicosparaeventos.com.br\/portal\/2025\/10\/01\/duo-renata-e-vander-pop-rock-e-mpb-na-confraternizacao-da-digital-republic\/","url":"https:\/\/musicosparaeventos.com.br\/portal\/2025\/10\/01\/duo-renata-e-vander-pop-rock-e-mpb-na-confraternizacao-da-digital-republic\/","name":"Duo Renata e Vander: Pop, Rock e MPB na Confraterniza\u00e7\u00e3o da Digital Republic - MPE M\u00fasicos para Eventos","isPartOf":{"@id":"https:\/\/musicosparaeventos.com.br\/portal\/#website"},"primaryImageOfPage":{"@id":"https:\/\/musicosparaeventos.com.br\/portal\/2025\/10\/01\/duo-renata-e-vander-pop-rock-e-mpb-na-confraternizacao-da-digital-republic\/#primaryimage"},"image":{"@id":"https:\/\/musicosparaeventos.com.br\/portal\/2025\/10\/01\/duo-renata-e-vander-pop-rock-e-mpb-na-confraternizacao-da-digital-republic\/#primaryimage"},"thumbnailUrl":"https:\/\/musicosparaeventos.com.br\/portal\/wp-content\/uploads\/2025\/10\/mpe-musicos-para-eventos.jpeg","datePublished":"2025-10-01T17:30:28+00:00","dateModified":"2025-10-01T17:30:29+00:00","breadcrumb":{"@id":"https:\/\/musicosparaeventos.com.br\/portal\/2025\/10\/01\/duo-renata-e-vander-pop-rock-e-mpb-na-confraternizacao-da-digital-republic\/#breadcrumb"},"inLanguage":"pt-BR","potentialAction":[{"@type":"ReadAction","target":["https:\/\/musicosparaeventos.com.br\/portal\/2025\/10\/01\/duo-renata-e-vander-pop-rock-e-mpb-na-confraternizacao-da-digital-republic\/"]}]},{"@type":"ImageObject","inLanguage":"pt-BR","@id":"https:\/\/musicosparaeventos.com.br\/portal\/2025\/10\/01\/duo-renata-e-vander-pop-rock-e-mpb-na-confraternizacao-da-digital-republic\/#primaryimage","url":"https:\/\/musicosparaeventos.com.br\/portal\/wp-content\/uploads\/2025\/10\/mpe-musicos-para-eventos.jpeg","contentUrl":"https:\/\/musicosparaeventos.com.br\/portal\/wp-content\/uploads\/2025\/10\/mpe-musicos-para-eventos.jpeg","width":900,"height":976},{"@type":"BreadcrumbList","@id":"https:\/\/musicosparaeventos.com.br\/portal\/2025\/10\/01\/duo-renata-e-vander-pop-rock-e-mpb-na-confraternizacao-da-digital-republic\/#breadcrumb","itemListElement":[{"@type":"ListItem","position":1,"name":"In\u00edcio","item":"https:\/\/musicosparaeventos.com.br\/portal\/"},{"@type":"ListItem","position":2,"name":"Duo Renata e Vander: Pop, Rock e MPB na Confraterniza\u00e7\u00e3o da Digital Republic"}]},{"@type":"WebSite","@id":"https:\/\/musicosparaeventos.com.br\/portal\/#website","url":"https:\/\/musicosparaeventos.com.br\/portal\/","name":"MPE M\u00fasicos para Eventos","description":"MPE M\u00fasicos para Eventos","publisher":{"@id":"https:\/\/musicosparaeventos.com.br\/portal\/#organization"},"potentialAction":[{"@type":"SearchAction","target":{"@type":"EntryPoint","urlTemplate":"https:\/\/musicosparaeventos.com.br\/portal\/?s={search_term_string}"},"query-input":{"@type":"PropertyValueSpecification","valueRequired":true,"valueName":"search_term_string"}}],"inLanguage":"pt-BR"},{"@type":"Organization","@id":"https:\/\/musicosparaeventos.com.br\/portal\/#organization","name":"MPE M\u00fasicos para Eventos","url":"https:\/\/musicosparaeventos.com.br\/portal\/","logo":{"@type":"ImageObject","inLanguage":"pt-BR","@id":"https:\/\/musicosparaeventos.com.br\/portal\/#\/schema\/logo\/image\/","url":"https:\/\/musicosparaeventos.com.br\/portal\/wp-content\/uploads\/2025\/08\/cropped-mpe-logo1.png","contentUrl":"https:\/\/musicosparaeventos.com.br\/portal\/wp-content\/uploads\/2025\/08\/cropped-mpe-logo1.png","width":150,"height":71,"caption":"MPE M\u00fasicos para Eventos"},"image":{"@id":"https:\/\/musicosparaeventos.com.br\/portal\/#\/schema\/logo\/image\/"}},{"@type":"Person","@id":"https:\/\/musicosparaeventos.com.br\/portal\/#\/schema\/person\/0f332f6b91eab03f355fc43073b8effc","name":"musicos","image":{"@type":"ImageObject","inLanguage":"pt-BR","@id":"https:\/\/secure.gravatar.com\/avatar\/77c4f2efc455e6b89c26f9525fc6751c434347ca0df1cbcaf8e3e2e67d93e506?s=96&d=mm&r=g","url":"https:\/\/secure.gravatar.com\/avatar\/77c4f2efc455e6b89c26f9525fc6751c434347ca0df1cbcaf8e3e2e67d93e506?s=96&d=mm&r=g","contentUrl":"https:\/\/secure.gravatar.com\/avatar\/77c4f2efc455e6b89c26f9525fc6751c434347ca0df1cbcaf8e3e2e67d93e506?s=96&d=mm&r=g","caption":"musicos"},"sameAs":["https:\/\/musicosparaeventos.com.br\/portal"],"url":"https:\/\/musicosparaeventos.com.br\/portal\/author\/musicos\/"}]}},"_links":{"self":[{"href":"https:\/\/musicosparaeventos.com.br\/portal\/wp-json\/wp\/v2\/posts\/730","targetHints":{"allow":["GET"]}}],"collection":[{"href":"https:\/\/musicosparaeventos.com.br\/portal\/wp-json\/wp\/v2\/posts"}],"about":[{"href":"https:\/\/musicosparaeventos.com.br\/portal\/wp-json\/wp\/v2\/types\/post"}],"author":[{"embeddable":true,"href":"https:\/\/musicosparaeventos.com.br\/portal\/wp-json\/wp\/v2\/users\/1"}],"replies":[{"embeddable":true,"href":"https:\/\/musicosparaeventos.com.br\/portal\/wp-json\/wp\/v2\/comments?post=730"}],"version-history":[{"count":1,"href":"https:\/\/musicosparaeventos.com.br\/portal\/wp-json\/wp\/v2\/posts\/730\/revisions"}],"predecessor-version":[{"id":732,"href":"https:\/\/musicosparaeventos.com.br\/portal\/wp-json\/wp\/v2\/posts\/730\/revisions\/732"}],"wp:featuredmedia":[{"embeddable":true,"href":"https:\/\/musicosparaeventos.com.br\/portal\/wp-json\/wp\/v2\/media\/731"}],"wp:attachment":[{"href":"https:\/\/musicosparaeventos.com.br\/portal\/wp-json\/wp\/v2\/media?parent=730"}],"wp:term":[{"taxonomy":"category","embeddable":true,"href":"https:\/\/musicosparaeventos.com.br\/portal\/wp-json\/wp\/v2\/categories?post=730"},{"taxonomy":"post_tag","embeddable":true,"href":"https:\/\/musicosparaeventos.com.br\/portal\/wp-json\/wp\/v2\/tags?post=730"}],"curies":[{"name":"wp","href":"https:\/\/api.w.org\/{rel}","templated":true}]}}