{"id":654,"date":"2025-09-07T16:56:35","date_gmt":"2025-09-07T19:56:35","guid":{"rendered":"https:\/\/musicosparaeventos.com.br\/portal\/?p=654"},"modified":"2025-09-07T16:57:01","modified_gmt":"2025-09-07T19:57:01","slug":"musica-ao-vivo-no-seu-evento-como-organizar-espaco-som-e-duracao-da-apresentacao","status":"publish","type":"post","link":"https:\/\/musicosparaeventos.com.br\/portal\/2025\/09\/07\/musica-ao-vivo-no-seu-evento-como-organizar-espaco-som-e-duracao-da-apresentacao\/","title":{"rendered":"M\u00fasica ao vivo no seu evento: como organizar espa\u00e7o, som e dura\u00e7\u00e3o da apresenta\u00e7\u00e3o"},"content":{"rendered":"\n<p>\ud83c\udfb6<strong> M\u00fasica ao vivo no seu evento: como organizar espa\u00e7o, som e dura\u00e7\u00e3o da apresenta\u00e7\u00e3o<\/strong><\/p>\n\n\n\n<p>Contratar m\u00fasicos para um evento \u00e9 uma das escolhas mais especiais para deixar o momento inesquec\u00edvel. Mas, junto com a anima\u00e7\u00e3o, \u00e9 comum surgir uma d\u00favida: <em>\u201cSer\u00e1 que o espa\u00e7o, o som e a dura\u00e7\u00e3o da apresenta\u00e7\u00e3o v\u00e3o dar certo no meu evento?\u201d<\/em><\/p>\n\n\n\n<p>Para te ajudar, preparamos algumas dicas pr\u00e1ticas que v\u00e3o garantir que tudo saia perfeito.<\/p>\n\n\n\n<p>\ud83c\udfa4<strong> Espa\u00e7o do local<\/strong><\/p>\n\n\n\n<ul class=\"wp-block-list\">\n<li><strong>Bandas precisam de mais espa\u00e7o<\/strong>: uma banda completa pode precisar de pelo menos 3m x 4m de \u00e1rea livre. J\u00e1 para voz e viol\u00e3o, um pequeno cantinho aconchegante pode ser suficiente.<\/li>\n\n\n\n<li><strong>Posi\u00e7\u00e3o estrat\u00e9gica<\/strong>: coloque os m\u00fasicos em um ponto de destaque, mas que n\u00e3o atrapalhe a circula\u00e7\u00e3o dos convidados.<\/li>\n\n\n\n<li><strong>Energia el\u00e9trica<\/strong>: confirme se h\u00e1 tomadas e estrutura el\u00e9trica adequadas pr\u00f3ximas ao local onde ser\u00e1 a apresenta\u00e7\u00e3o.<\/li>\n<\/ul>\n\n\n\n<p>\ud83d\udd0a<strong> Som e equipamentos<\/strong><\/p>\n\n\n\n<ul class=\"wp-block-list\">\n<li><strong>Quem leva o som?<\/strong> Na maioria das vezes, os pr\u00f3prios m\u00fasicos fornecem todo o equipamento necess\u00e1rio. Mas vale confirmar no momento da contrata\u00e7\u00e3o.<\/li>\n\n\n\n<li><strong>Ambiente interno x externo<\/strong>: em locais abertos, pode ser necess\u00e1rio refor\u00e7o de som para que todos ou\u00e7am bem. Em ambientes menores, um som compacto j\u00e1 resolve.<\/li>\n\n\n\n<li><strong>Aten\u00e7\u00e3o ao volume<\/strong>: converse com os m\u00fasicos sobre o perfil do evento. Em um jantar, o som deve ser ambiente. J\u00e1 em uma festa, o ideal \u00e9 um som mais potente e animado.<\/li>\n<\/ul>\n\n\n\n<p>\u23f1\ufe0f<strong> Dura\u00e7\u00e3o da apresenta\u00e7\u00e3o<\/strong><\/p>\n\n\n\n<ul class=\"wp-block-list\">\n<li><strong>O tempo ideal<\/strong>: a maioria dos eventos conta com apresenta\u00e7\u00f5es de 2 a 3 horas, divididas em blocos (com intervalos de 10 a 15 minutos).<\/li>\n\n\n\n<li><strong>Flexibilidade<\/strong>: alguns m\u00fasicos podem oferecer pacotes menores (1h30) ou maiores (at\u00e9 4h), de acordo com o que voc\u00ea precisa.<\/li>\n\n\n\n<li><strong>Planejamento<\/strong>: alinhe a dura\u00e7\u00e3o com o roteiro do evento (entrada dos convidados, jantar, pista de dan\u00e7a, etc.).<\/li>\n<\/ul>\n\n\n\n<p>\u2705<strong> Conclus\u00e3o<\/strong><\/p>\n\n\n\n<p>Com um bom planejamento de espa\u00e7o, som e tempo, a m\u00fasica ao vivo se encaixa perfeitamente em qualquer tipo de evento \u2014 de um jantar \u00edntimo at\u00e9 uma grande festa de casamento.<\/p>\n\n\n\n<p>\ud83d\udc49 No <strong>M\u00fasicos Para Eventos (MPE)<\/strong> voc\u00ea encontra cantores, duos e bandas prontos para levar a trilha sonora perfeita para o seu momento especial.<br><a href=\"https:\/\/musicosparaeventos.com.br\/portal\/listings\/\">Conhe\u00e7a os artistas ou fa\u00e7a um pedido agora mesmo.<\/a><\/p>\n\n\n\n<p><\/p>\n","protected":false},"excerpt":{"rendered":"<p>\ud83c\udfb6 M\u00fasica ao vivo no seu evento: como organizar espa\u00e7o, som e dura\u00e7\u00e3o da apresenta\u00e7\u00e3o Contratar m\u00fasicos para um evento \u00e9 uma das escolhas mais especiais para deixar o momento inesquec\u00edvel. Mas, junto com a anima\u00e7\u00e3o, \u00e9 comum surgir uma d\u00favida: \u201cSer\u00e1 que o espa\u00e7o, o som e a dura\u00e7\u00e3o da apresenta\u00e7\u00e3o v\u00e3o dar certo [&hellip;]<\/p>\n","protected":false},"author":1,"featured_media":0,"comment_status":"closed","ping_status":"open","sticky":false,"template":"","format":"standard","meta":{"footnotes":""},"categories":[150],"tags":[],"class_list":["post-654","post","type-post","status-publish","format-standard","hentry","category-dicas"],"yoast_head":"<!-- This site is optimized with the Yoast SEO plugin v27.2 - https:\/\/yoast.com\/product\/yoast-seo-wordpress\/ -->\n<title>M\u00fasica ao vivo no seu evento: como organizar espa\u00e7o, som e dura\u00e7\u00e3o da apresenta\u00e7\u00e3o - MPE M\u00fasicos para Eventos<\/title>\n<meta name=\"robots\" content=\"index, follow, max-snippet:-1, max-image-preview:large, max-video-preview:-1\" \/>\n<link rel=\"canonical\" href=\"https:\/\/musicosparaeventos.com.br\/portal\/2025\/09\/07\/musica-ao-vivo-no-seu-evento-como-organizar-espaco-som-e-duracao-da-apresentacao\/\" \/>\n<meta property=\"og:locale\" content=\"pt_BR\" \/>\n<meta property=\"og:type\" content=\"article\" \/>\n<meta property=\"og:title\" content=\"M\u00fasica ao vivo no seu evento: como organizar espa\u00e7o, som e dura\u00e7\u00e3o da apresenta\u00e7\u00e3o - MPE M\u00fasicos para Eventos\" \/>\n<meta property=\"og:description\" content=\"\ud83c\udfb6 M\u00fasica ao vivo no seu evento: como organizar espa\u00e7o, som e dura\u00e7\u00e3o da apresenta\u00e7\u00e3o Contratar m\u00fasicos para um evento \u00e9 uma das escolhas mais especiais para deixar o momento inesquec\u00edvel. Mas, junto com a anima\u00e7\u00e3o, \u00e9 comum surgir uma d\u00favida: \u201cSer\u00e1 que o espa\u00e7o, o som e a dura\u00e7\u00e3o da apresenta\u00e7\u00e3o v\u00e3o dar certo [&hellip;]\" \/>\n<meta property=\"og:url\" content=\"https:\/\/musicosparaeventos.com.br\/portal\/2025\/09\/07\/musica-ao-vivo-no-seu-evento-como-organizar-espaco-som-e-duracao-da-apresentacao\/\" \/>\n<meta property=\"og:site_name\" content=\"MPE M\u00fasicos para Eventos\" \/>\n<meta property=\"article:published_time\" content=\"2025-09-07T19:56:35+00:00\" \/>\n<meta property=\"article:modified_time\" content=\"2025-09-07T19:57:01+00:00\" \/>\n<meta name=\"author\" content=\"musicos\" \/>\n<meta name=\"twitter:card\" content=\"summary_large_image\" \/>\n<meta name=\"twitter:label1\" content=\"Escrito por\" \/>\n\t<meta name=\"twitter:data1\" content=\"musicos\" \/>\n\t<meta name=\"twitter:label2\" content=\"Est. tempo de leitura\" \/>\n\t<meta name=\"twitter:data2\" content=\"2 minutos\" \/>\n<script type=\"application\/ld+json\" class=\"yoast-schema-graph\">{\"@context\":\"https:\/\/schema.org\",\"@graph\":[{\"@type\":\"Article\",\"@id\":\"https:\/\/musicosparaeventos.com.br\/portal\/2025\/09\/07\/musica-ao-vivo-no-seu-evento-como-organizar-espaco-som-e-duracao-da-apresentacao\/#article\",\"isPartOf\":{\"@id\":\"https:\/\/musicosparaeventos.com.br\/portal\/2025\/09\/07\/musica-ao-vivo-no-seu-evento-como-organizar-espaco-som-e-duracao-da-apresentacao\/\"},\"author\":{\"name\":\"musicos\",\"@id\":\"https:\/\/musicosparaeventos.com.br\/portal\/#\/schema\/person\/0f332f6b91eab03f355fc43073b8effc\"},\"headline\":\"M\u00fasica ao vivo no seu evento: como organizar espa\u00e7o, som e dura\u00e7\u00e3o da apresenta\u00e7\u00e3o\",\"datePublished\":\"2025-09-07T19:56:35+00:00\",\"dateModified\":\"2025-09-07T19:57:01+00:00\",\"mainEntityOfPage\":{\"@id\":\"https:\/\/musicosparaeventos.com.br\/portal\/2025\/09\/07\/musica-ao-vivo-no-seu-evento-como-organizar-espaco-som-e-duracao-da-apresentacao\/\"},\"wordCount\":411,\"publisher\":{\"@id\":\"https:\/\/musicosparaeventos.com.br\/portal\/#organization\"},\"articleSection\":[\"Dicas\"],\"inLanguage\":\"pt-BR\"},{\"@type\":\"WebPage\",\"@id\":\"https:\/\/musicosparaeventos.com.br\/portal\/2025\/09\/07\/musica-ao-vivo-no-seu-evento-como-organizar-espaco-som-e-duracao-da-apresentacao\/\",\"url\":\"https:\/\/musicosparaeventos.com.br\/portal\/2025\/09\/07\/musica-ao-vivo-no-seu-evento-como-organizar-espaco-som-e-duracao-da-apresentacao\/\",\"name\":\"M\u00fasica ao vivo no seu evento: como organizar espa\u00e7o, som e dura\u00e7\u00e3o da apresenta\u00e7\u00e3o - MPE M\u00fasicos para Eventos\",\"isPartOf\":{\"@id\":\"https:\/\/musicosparaeventos.com.br\/portal\/#website\"},\"datePublished\":\"2025-09-07T19:56:35+00:00\",\"dateModified\":\"2025-09-07T19:57:01+00:00\",\"breadcrumb\":{\"@id\":\"https:\/\/musicosparaeventos.com.br\/portal\/2025\/09\/07\/musica-ao-vivo-no-seu-evento-como-organizar-espaco-som-e-duracao-da-apresentacao\/#breadcrumb\"},\"inLanguage\":\"pt-BR\",\"potentialAction\":[{\"@type\":\"ReadAction\",\"target\":[\"https:\/\/musicosparaeventos.com.br\/portal\/2025\/09\/07\/musica-ao-vivo-no-seu-evento-como-organizar-espaco-som-e-duracao-da-apresentacao\/\"]}]},{\"@type\":\"BreadcrumbList\",\"@id\":\"https:\/\/musicosparaeventos.com.br\/portal\/2025\/09\/07\/musica-ao-vivo-no-seu-evento-como-organizar-espaco-som-e-duracao-da-apresentacao\/#breadcrumb\",\"itemListElement\":[{\"@type\":\"ListItem\",\"position\":1,\"name\":\"In\u00edcio\",\"item\":\"https:\/\/musicosparaeventos.com.br\/portal\/\"},{\"@type\":\"ListItem\",\"position\":2,\"name\":\"M\u00fasica ao vivo no seu evento: como organizar espa\u00e7o, som e dura\u00e7\u00e3o da apresenta\u00e7\u00e3o\"}]},{\"@type\":\"WebSite\",\"@id\":\"https:\/\/musicosparaeventos.com.br\/portal\/#website\",\"url\":\"https:\/\/musicosparaeventos.com.br\/portal\/\",\"name\":\"MPE M\u00fasicos para Eventos\",\"description\":\"MPE M\u00fasicos para Eventos\",\"publisher\":{\"@id\":\"https:\/\/musicosparaeventos.com.br\/portal\/#organization\"},\"potentialAction\":[{\"@type\":\"SearchAction\",\"target\":{\"@type\":\"EntryPoint\",\"urlTemplate\":\"https:\/\/musicosparaeventos.com.br\/portal\/?s={search_term_string}\"},\"query-input\":{\"@type\":\"PropertyValueSpecification\",\"valueRequired\":true,\"valueName\":\"search_term_string\"}}],\"inLanguage\":\"pt-BR\"},{\"@type\":\"Organization\",\"@id\":\"https:\/\/musicosparaeventos.com.br\/portal\/#organization\",\"name\":\"MPE M\u00fasicos para Eventos\",\"url\":\"https:\/\/musicosparaeventos.com.br\/portal\/\",\"logo\":{\"@type\":\"ImageObject\",\"inLanguage\":\"pt-BR\",\"@id\":\"https:\/\/musicosparaeventos.com.br\/portal\/#\/schema\/logo\/image\/\",\"url\":\"https:\/\/musicosparaeventos.com.br\/portal\/wp-content\/uploads\/2025\/08\/cropped-mpe-logo1.png\",\"contentUrl\":\"https:\/\/musicosparaeventos.com.br\/portal\/wp-content\/uploads\/2025\/08\/cropped-mpe-logo1.png\",\"width\":150,\"height\":71,\"caption\":\"MPE M\u00fasicos para Eventos\"},\"image\":{\"@id\":\"https:\/\/musicosparaeventos.com.br\/portal\/#\/schema\/logo\/image\/\"}},{\"@type\":\"Person\",\"@id\":\"https:\/\/musicosparaeventos.com.br\/portal\/#\/schema\/person\/0f332f6b91eab03f355fc43073b8effc\",\"name\":\"musicos\",\"image\":{\"@type\":\"ImageObject\",\"inLanguage\":\"pt-BR\",\"@id\":\"https:\/\/secure.gravatar.com\/avatar\/77c4f2efc455e6b89c26f9525fc6751c434347ca0df1cbcaf8e3e2e67d93e506?s=96&d=mm&r=g\",\"url\":\"https:\/\/secure.gravatar.com\/avatar\/77c4f2efc455e6b89c26f9525fc6751c434347ca0df1cbcaf8e3e2e67d93e506?s=96&d=mm&r=g\",\"contentUrl\":\"https:\/\/secure.gravatar.com\/avatar\/77c4f2efc455e6b89c26f9525fc6751c434347ca0df1cbcaf8e3e2e67d93e506?s=96&d=mm&r=g\",\"caption\":\"musicos\"},\"sameAs\":[\"https:\/\/musicosparaeventos.com.br\/portal\"],\"url\":\"https:\/\/musicosparaeventos.com.br\/portal\/author\/musicos\/\"}]}<\/script>\n<!-- \/ Yoast SEO plugin. -->","yoast_head_json":{"title":"M\u00fasica ao vivo no seu evento: como organizar espa\u00e7o, som e dura\u00e7\u00e3o da apresenta\u00e7\u00e3o - MPE M\u00fasicos para Eventos","robots":{"index":"index","follow":"follow","max-snippet":"max-snippet:-1","max-image-preview":"max-image-preview:large","max-video-preview":"max-video-preview:-1"},"canonical":"https:\/\/musicosparaeventos.com.br\/portal\/2025\/09\/07\/musica-ao-vivo-no-seu-evento-como-organizar-espaco-som-e-duracao-da-apresentacao\/","og_locale":"pt_BR","og_type":"article","og_title":"M\u00fasica ao vivo no seu evento: como organizar espa\u00e7o, som e dura\u00e7\u00e3o da apresenta\u00e7\u00e3o - MPE M\u00fasicos para Eventos","og_description":"\ud83c\udfb6 M\u00fasica ao vivo no seu evento: como organizar espa\u00e7o, som e dura\u00e7\u00e3o da apresenta\u00e7\u00e3o Contratar m\u00fasicos para um evento \u00e9 uma das escolhas mais especiais para deixar o momento inesquec\u00edvel. Mas, junto com a anima\u00e7\u00e3o, \u00e9 comum surgir uma d\u00favida: \u201cSer\u00e1 que o espa\u00e7o, o som e a dura\u00e7\u00e3o da apresenta\u00e7\u00e3o v\u00e3o dar certo [&hellip;]","og_url":"https:\/\/musicosparaeventos.com.br\/portal\/2025\/09\/07\/musica-ao-vivo-no-seu-evento-como-organizar-espaco-som-e-duracao-da-apresentacao\/","og_site_name":"MPE M\u00fasicos para Eventos","article_published_time":"2025-09-07T19:56:35+00:00","article_modified_time":"2025-09-07T19:57:01+00:00","author":"musicos","twitter_card":"summary_large_image","twitter_misc":{"Escrito por":"musicos","Est. tempo de leitura":"2 minutos"},"schema":{"@context":"https:\/\/schema.org","@graph":[{"@type":"Article","@id":"https:\/\/musicosparaeventos.com.br\/portal\/2025\/09\/07\/musica-ao-vivo-no-seu-evento-como-organizar-espaco-som-e-duracao-da-apresentacao\/#article","isPartOf":{"@id":"https:\/\/musicosparaeventos.com.br\/portal\/2025\/09\/07\/musica-ao-vivo-no-seu-evento-como-organizar-espaco-som-e-duracao-da-apresentacao\/"},"author":{"name":"musicos","@id":"https:\/\/musicosparaeventos.com.br\/portal\/#\/schema\/person\/0f332f6b91eab03f355fc43073b8effc"},"headline":"M\u00fasica ao vivo no seu evento: como organizar espa\u00e7o, som e dura\u00e7\u00e3o da apresenta\u00e7\u00e3o","datePublished":"2025-09-07T19:56:35+00:00","dateModified":"2025-09-07T19:57:01+00:00","mainEntityOfPage":{"@id":"https:\/\/musicosparaeventos.com.br\/portal\/2025\/09\/07\/musica-ao-vivo-no-seu-evento-como-organizar-espaco-som-e-duracao-da-apresentacao\/"},"wordCount":411,"publisher":{"@id":"https:\/\/musicosparaeventos.com.br\/portal\/#organization"},"articleSection":["Dicas"],"inLanguage":"pt-BR"},{"@type":"WebPage","@id":"https:\/\/musicosparaeventos.com.br\/portal\/2025\/09\/07\/musica-ao-vivo-no-seu-evento-como-organizar-espaco-som-e-duracao-da-apresentacao\/","url":"https:\/\/musicosparaeventos.com.br\/portal\/2025\/09\/07\/musica-ao-vivo-no-seu-evento-como-organizar-espaco-som-e-duracao-da-apresentacao\/","name":"M\u00fasica ao vivo no seu evento: como organizar espa\u00e7o, som e dura\u00e7\u00e3o da apresenta\u00e7\u00e3o - MPE M\u00fasicos para Eventos","isPartOf":{"@id":"https:\/\/musicosparaeventos.com.br\/portal\/#website"},"datePublished":"2025-09-07T19:56:35+00:00","dateModified":"2025-09-07T19:57:01+00:00","breadcrumb":{"@id":"https:\/\/musicosparaeventos.com.br\/portal\/2025\/09\/07\/musica-ao-vivo-no-seu-evento-como-organizar-espaco-som-e-duracao-da-apresentacao\/#breadcrumb"},"inLanguage":"pt-BR","potentialAction":[{"@type":"ReadAction","target":["https:\/\/musicosparaeventos.com.br\/portal\/2025\/09\/07\/musica-ao-vivo-no-seu-evento-como-organizar-espaco-som-e-duracao-da-apresentacao\/"]}]},{"@type":"BreadcrumbList","@id":"https:\/\/musicosparaeventos.com.br\/portal\/2025\/09\/07\/musica-ao-vivo-no-seu-evento-como-organizar-espaco-som-e-duracao-da-apresentacao\/#breadcrumb","itemListElement":[{"@type":"ListItem","position":1,"name":"In\u00edcio","item":"https:\/\/musicosparaeventos.com.br\/portal\/"},{"@type":"ListItem","position":2,"name":"M\u00fasica ao vivo no seu evento: como organizar espa\u00e7o, som e dura\u00e7\u00e3o da apresenta\u00e7\u00e3o"}]},{"@type":"WebSite","@id":"https:\/\/musicosparaeventos.com.br\/portal\/#website","url":"https:\/\/musicosparaeventos.com.br\/portal\/","name":"MPE M\u00fasicos para Eventos","description":"MPE M\u00fasicos para Eventos","publisher":{"@id":"https:\/\/musicosparaeventos.com.br\/portal\/#organization"},"potentialAction":[{"@type":"SearchAction","target":{"@type":"EntryPoint","urlTemplate":"https:\/\/musicosparaeventos.com.br\/portal\/?s={search_term_string}"},"query-input":{"@type":"PropertyValueSpecification","valueRequired":true,"valueName":"search_term_string"}}],"inLanguage":"pt-BR"},{"@type":"Organization","@id":"https:\/\/musicosparaeventos.com.br\/portal\/#organization","name":"MPE M\u00fasicos para Eventos","url":"https:\/\/musicosparaeventos.com.br\/portal\/","logo":{"@type":"ImageObject","inLanguage":"pt-BR","@id":"https:\/\/musicosparaeventos.com.br\/portal\/#\/schema\/logo\/image\/","url":"https:\/\/musicosparaeventos.com.br\/portal\/wp-content\/uploads\/2025\/08\/cropped-mpe-logo1.png","contentUrl":"https:\/\/musicosparaeventos.com.br\/portal\/wp-content\/uploads\/2025\/08\/cropped-mpe-logo1.png","width":150,"height":71,"caption":"MPE M\u00fasicos para Eventos"},"image":{"@id":"https:\/\/musicosparaeventos.com.br\/portal\/#\/schema\/logo\/image\/"}},{"@type":"Person","@id":"https:\/\/musicosparaeventos.com.br\/portal\/#\/schema\/person\/0f332f6b91eab03f355fc43073b8effc","name":"musicos","image":{"@type":"ImageObject","inLanguage":"pt-BR","@id":"https:\/\/secure.gravatar.com\/avatar\/77c4f2efc455e6b89c26f9525fc6751c434347ca0df1cbcaf8e3e2e67d93e506?s=96&d=mm&r=g","url":"https:\/\/secure.gravatar.com\/avatar\/77c4f2efc455e6b89c26f9525fc6751c434347ca0df1cbcaf8e3e2e67d93e506?s=96&d=mm&r=g","contentUrl":"https:\/\/secure.gravatar.com\/avatar\/77c4f2efc455e6b89c26f9525fc6751c434347ca0df1cbcaf8e3e2e67d93e506?s=96&d=mm&r=g","caption":"musicos"},"sameAs":["https:\/\/musicosparaeventos.com.br\/portal"],"url":"https:\/\/musicosparaeventos.com.br\/portal\/author\/musicos\/"}]}},"_links":{"self":[{"href":"https:\/\/musicosparaeventos.com.br\/portal\/wp-json\/wp\/v2\/posts\/654","targetHints":{"allow":["GET"]}}],"collection":[{"href":"https:\/\/musicosparaeventos.com.br\/portal\/wp-json\/wp\/v2\/posts"}],"about":[{"href":"https:\/\/musicosparaeventos.com.br\/portal\/wp-json\/wp\/v2\/types\/post"}],"author":[{"embeddable":true,"href":"https:\/\/musicosparaeventos.com.br\/portal\/wp-json\/wp\/v2\/users\/1"}],"replies":[{"embeddable":true,"href":"https:\/\/musicosparaeventos.com.br\/portal\/wp-json\/wp\/v2\/comments?post=654"}],"version-history":[{"count":1,"href":"https:\/\/musicosparaeventos.com.br\/portal\/wp-json\/wp\/v2\/posts\/654\/revisions"}],"predecessor-version":[{"id":655,"href":"https:\/\/musicosparaeventos.com.br\/portal\/wp-json\/wp\/v2\/posts\/654\/revisions\/655"}],"wp:attachment":[{"href":"https:\/\/musicosparaeventos.com.br\/portal\/wp-json\/wp\/v2\/media?parent=654"}],"wp:term":[{"taxonomy":"category","embeddable":true,"href":"https:\/\/musicosparaeventos.com.br\/portal\/wp-json\/wp\/v2\/categories?post=654"},{"taxonomy":"post_tag","embeddable":true,"href":"https:\/\/musicosparaeventos.com.br\/portal\/wp-json\/wp\/v2\/tags?post=654"}],"curies":[{"name":"wp","href":"https:\/\/api.w.org\/{rel}","templated":true}]}}